{"id":91559,"date":"2010-06-09T17:34:07","date_gmt":"2010-06-09T15:34:07","guid":{"rendered":"http:\/\/www.ivg.it\/?p=91559"},"modified":"2010-06-10T11:41:23","modified_gmt":"2010-06-10T09:41:23","slug":"finale-francese-morto-annegato-a-castelletto","status":"publish","type":"post","link":"https:\/\/staging.ivg.it\/2010\/06\/finale-francese-morto-annegato-a-castelletto\/","title":{"rendered":"Finale, turista francese annegato a Castelletto (foto)"},"content":{"rendered":"<p><strong>Finale L.<\/strong> Un\u00a0turista\u00a0francese 70enne, iniziali T.C., \u00e8 annegato questo pomeriggio a Finale Ligure, nello specchio acqueo davanti alla spiaggia libera di Castelletto. L&#8217;episodio si \u00e8 verificato poco fa quando, sembra da alcuni bagnanti, \u00e8 scattato l&#8217;allarme dopo aver visto la caduta dell&#8217;uomo mentre tentava una arrampicata. Il violento colpo alla testa avrebbe fatto perdere i sensi al turista francese, il cui corpo \u00e8 stato poi trascinato all&#8217;interno di un buco naturale tra le rocce.<\/p>\n<p>Sul posto sono intervenuti i militi della Croce Bianca finalese e l&#8217;automedica del 118 ma ogni tentativo di rianimazione \u00e8 stato inutile. L&#8217;uomo, portato a riva dalle squadre dei pompieri con l&#8217;aiuto di un bagnino, era gi\u00e0 deceduto. Toccher\u00e0 ora a vigili del fuoco e carabinieri ricostruire l&#8217;esatta dinamica dei fatti. Il corpo presentava alcuni segni contusivi al volto, oltre a fratture provocate dalla caduta sugli scogli, avvenuta da circa quattro metri, tuttavia sono in corso ulteriori accertamenti. La Procura della Repubblica di Savona \u00e8 stata informata dell&#8217;accaduto.<\/p>\n<p>Il litorale finalese \u00e8 stato interessato da una mareggiata che ha richiesto l&#8217;intervento di due bagnini per soccorrere tre giovani trascinati dalla corrente proprio vicino alla scogliera dalla quale \u00e8 caduto il turista francese, pochi attimi dopo il fatale incidente. Il 70enne soggiornava presso l&#8217;hotel &#8220;La Gioiosa&#8221; di Varigotti ed era ospite ai bagni Punta Est.<\/p>\n","protected":false},"excerpt":{"rendered":"<p>Finale L. Un\u00a0turista\u00a0francese 70enne, iniziali T.C., \u00e8 annegato questo pomeriggio a Finale Ligure, nello specchio acqueo davanti alla spiaggia libera di Castelletto. L&#8217;episodio si \u00e8 verificato poco fa quando, sembra da alcuni bagnanti, \u00e8 scattato l&#8217;allarme dopo aver visto la caduta dell&#8217;uomo mentre tentava una arrampicata. Il violento colpo alla testa avrebbe fatto perdere i [&hellip;]<\/p>\n","protected":false},"author":4,"featured_media":0,"comment_status":"open","ping_status":"closed","sticky":false,"template":"","format":"standard","meta":{"footnotes":""},"categories":[34],"tags":[678,11843,2300,11628,85844,4889,3321,320,2131,4537,791],"class_list":["post-91559","post","type-post","status-publish","format-standard","hentry","category-cronaca","tag-678","tag-annegato","tag-automedica","tag-bagnanti","tag-finale-ligure","tag-finalese","tag-francese","tag-malore","tag-rianimazione","tag-riggio","tag-spiaggia","post_cat_citta-andora","post_cat_citta-finale-ligure"],"amp_validity":null,"amp_enabled":true,"_links":{"self":[{"href":"https:\/\/staging.ivg.it\/ediapi\/wp\/v2\/posts\/91559","targetHints":{"allow":["GET"]}}],"collection":[{"href":"https:\/\/staging.ivg.it\/ediapi\/wp\/v2\/posts"}],"about":[{"href":"https:\/\/staging.ivg.it\/ediapi\/wp\/v2\/types\/post"}],"author":[{"embeddable":true,"href":"https:\/\/staging.ivg.it\/ediapi\/wp\/v2\/users\/4"}],"replies":[{"embeddable":true,"href":"https:\/\/staging.ivg.it\/ediapi\/wp\/v2\/comments?post=91559"}],"version-history":[{"count":0,"href":"https:\/\/staging.ivg.it\/ediapi\/wp\/v2\/posts\/91559\/revisions"}],"wp:attachment":[{"href":"https:\/\/staging.ivg.it\/ediapi\/wp\/v2\/media?parent=91559"}],"wp:term":[{"taxonomy":"category","embeddable":true,"href":"https:\/\/staging.ivg.it\/ediapi\/wp\/v2\/categories?post=91559"},{"taxonomy":"post_tag","embeddable":true,"href":"https:\/\/staging.ivg.it\/ediapi\/wp\/v2\/tags?post=91559"}],"curies":[{"name":"wp","href":"https:\/\/api.w.org\/{rel}","templated":true}]}}