{"id":91508,"date":"2010-06-09T11:50:23","date_gmt":"2010-06-09T09:50:23","guid":{"rendered":"http:\/\/www.ivg.it\/?p=91508"},"modified":"2010-06-09T11:54:22","modified_gmt":"2010-06-09T09:54:22","slug":"albenga-gocce-di-riso-una-ciotola-di-solidarieta-serata-dedicata-allindia","status":"publish","type":"post","link":"https:\/\/staging.ivg.it\/2010\/06\/albenga-gocce-di-riso-una-ciotola-di-solidarieta-serata-dedicata-allindia\/","title":{"rendered":"Albenga, &#8220;Gocce di Riso: una ciotola di solidariet\u00e0&#8221;: serata dedicata all&#8217;India"},"content":{"rendered":"<p><strong>Albenga<\/strong>. Venerd\u00ec 18 giugno, alle ore 21, presso l&#8217;Auditorium San Carlo di Via Roma ad Albenga, avr\u00e0 luogo la conferenza &#8220;Gocce di Riso: una ciotola di solidariet\u00e0&#8221;, organizzata dall&#8217;Associazione di Volontariato No Profit &#8220;Gocce di Riso&#8221;, con il patrocinio del Comune di Albenga.<\/p>\n<p>Una serata interamente dedicata all&#8217;India, a emozioni ed esperienze di vita vissuta accanto ai cosiddetti &#8220;intoccabili&#8221; (ovvero tutti coloro che non appartengono alle quattro caste stabilite), ai progetti avviati dall&#8217;associazione. Durante l&#8217;incontro, sono previsti gli interventi di tre testimonial d&#8217;eccezione, che esporranno &#8220;i racconti del cuore&#8221; riguardanti le loro esperienze missionarie. A conclusione della serata, rinfresco con assaggi golosi per tutti i presenti.<\/p>\n<p>Gocce di Riso \u00e8 una Associazione di Volontariato No Profit legalmente riconosciuta, fondata da Francesca Furciniti il 29 Aprile 2010. L&#8217;associazione ha un consiglio direttivo e possiede un proprio statuto regolarmente registrato. Gli scopi di Gocce di Riso comprendono: promuovere l&#8217;attivit\u00e0 del volontariato in Italia e all&#8217;estero a beneficio di persone che vivono in condizioni di disagio materiale e morale, senza distinzioni di sesso, et\u00e0, religione, razza, idee politiche o quant&#8217;altro; finanziare progetti di solidariet\u00e0 mediante il contributo dei benefattori e mediante l&#8217;organizzazione di eventi e giornate a tema per la raccolta fondi; creare occasioni di confronto e di crescita attraverso l&#8217;incontro con altre realt\u00e0 impegnate in attivit\u00e0 di volontariato; sostenere progetti di cooperazione con i Paesi in via di sviluppo.<\/p>\n","protected":false},"excerpt":{"rendered":"<p>Albenga. Venerd\u00ec 18 giugno, alle ore 21, presso l&#8217;Auditorium San Carlo di Via Roma ad Albenga, avr\u00e0 luogo la conferenza &#8220;Gocce di Riso: una ciotola di solidariet\u00e0&#8221;, organizzata dall&#8217;Associazione di Volontariato No Profit &#8220;Gocce di Riso&#8221;, con il patrocinio del Comune di Albenga. Una serata interamente dedicata all&#8217;India, a emozioni ed esperienze di vita vissuta [&hellip;]<\/p>\n","protected":false},"author":5,"featured_media":0,"comment_status":"open","ping_status":"closed","sticky":false,"template":"","format":"standard","meta":{"footnotes":""},"categories":[56],"tags":[85841,2371],"class_list":["post-91508","post","type-post","status-publish","format-standard","hentry","category-altre","tag-albenga","tag-india","post_cat_citta-albenga"],"amp_validity":null,"amp_enabled":true,"_links":{"self":[{"href":"https:\/\/staging.ivg.it\/ediapi\/wp\/v2\/posts\/91508","targetHints":{"allow":["GET"]}}],"collection":[{"href":"https:\/\/staging.ivg.it\/ediapi\/wp\/v2\/posts"}],"about":[{"href":"https:\/\/staging.ivg.it\/ediapi\/wp\/v2\/types\/post"}],"author":[{"embeddable":true,"href":"https:\/\/staging.ivg.it\/ediapi\/wp\/v2\/users\/5"}],"replies":[{"embeddable":true,"href":"https:\/\/staging.ivg.it\/ediapi\/wp\/v2\/comments?post=91508"}],"version-history":[{"count":0,"href":"https:\/\/staging.ivg.it\/ediapi\/wp\/v2\/posts\/91508\/revisions"}],"wp:attachment":[{"href":"https:\/\/staging.ivg.it\/ediapi\/wp\/v2\/media?parent=91508"}],"wp:term":[{"taxonomy":"category","embeddable":true,"href":"https:\/\/staging.ivg.it\/ediapi\/wp\/v2\/categories?post=91508"},{"taxonomy":"post_tag","embeddable":true,"href":"https:\/\/staging.ivg.it\/ediapi\/wp\/v2\/tags?post=91508"}],"curies":[{"name":"wp","href":"https:\/\/api.w.org\/{rel}","templated":true}]}}