{"id":91506,"date":"2010-06-09T11:43:43","date_gmt":"2010-06-09T09:43:43","guid":{"rendered":"http:\/\/www.ivg.it\/?p=91506"},"modified":"2010-06-09T11:43:43","modified_gmt":"2010-06-09T09:43:43","slug":"venerdi-11-giugno-sciopero-degli-autoferrotranvieri","status":"publish","type":"post","link":"https:\/\/staging.ivg.it\/2010\/06\/venerdi-11-giugno-sciopero-degli-autoferrotranvieri\/","title":{"rendered":"Venerd\u00ec 11 giugno sciopero degli autoferrotranvieri"},"content":{"rendered":"<p><strong>Roma.<\/strong> Uno sciopero nazionale di 24 ore degli autoferrotranvieri per venerd\u00ec 11 giugno \u00e8 stato proclamato da Usb, Cobas lavoro privato e Slai Cobas. Lo sciopero, affermano in una nota, si svolger\u00e0 nel rispetto della fasce di garanzia, che variano di citt\u00e0 in citt\u00e0.<\/p>\n<p>L&#8217;iniziativa, che quindi coinvolger\u00e0 bus, tram, metro, \u00e8 stata indetta &#8220;contro il taglio dei salari e contro il tentativo di imporre condizioni di lavoro che riportano la categoria indietro di qualche decennio&#8221;. Il sindacalismo di base rivendica, dunque, un rinnovo contrattuale &#8220;in cui siano previsti veri aumenti economici&#8221; e &#8220;un quadro di regole certe per tutti i lavoratori operanti nel settore, per impedire il dumping sociale e per puntare al miglioramento del servizio e della qualit\u00e0 ed alla massima sicurezza possibile&#8221;.<\/p>\n","protected":false},"excerpt":{"rendered":"<p>Roma. Uno sciopero nazionale di 24 ore degli autoferrotranvieri per venerd\u00ec 11 giugno \u00e8 stato proclamato da Usb, Cobas lavoro privato e Slai Cobas. Lo sciopero, affermano in una nota, si svolger\u00e0 nel rispetto della fasce di garanzia, che variano di citt\u00e0 in citt\u00e0. L&#8217;iniziativa, che quindi coinvolger\u00e0 bus, tram, metro, \u00e8 stata indetta &#8220;contro [&hellip;]<\/p>\n","protected":false},"author":13744,"featured_media":0,"comment_status":"open","ping_status":"closed","sticky":false,"template":"","format":"standard","meta":{"footnotes":""},"categories":[],"tags":[2369,593,3918,4577,2152,410,23483,909],"class_list":["post-91506","post","type-post","status-publish","format-standard","hentry","tag-autobus","tag-bus","tag-contratti","tag-rinnovo","tag-sciopero","tag-sindacati","tag-tram","tag-trasporti"],"amp_validity":null,"amp_enabled":true,"_links":{"self":[{"href":"https:\/\/staging.ivg.it\/ediapi\/wp\/v2\/posts\/91506","targetHints":{"allow":["GET"]}}],"collection":[{"href":"https:\/\/staging.ivg.it\/ediapi\/wp\/v2\/posts"}],"about":[{"href":"https:\/\/staging.ivg.it\/ediapi\/wp\/v2\/types\/post"}],"author":[{"embeddable":true,"href":"https:\/\/staging.ivg.it\/ediapi\/wp\/v2\/users\/13744"}],"replies":[{"embeddable":true,"href":"https:\/\/staging.ivg.it\/ediapi\/wp\/v2\/comments?post=91506"}],"version-history":[{"count":0,"href":"https:\/\/staging.ivg.it\/ediapi\/wp\/v2\/posts\/91506\/revisions"}],"wp:attachment":[{"href":"https:\/\/staging.ivg.it\/ediapi\/wp\/v2\/media?parent=91506"}],"wp:term":[{"taxonomy":"category","embeddable":true,"href":"https:\/\/staging.ivg.it\/ediapi\/wp\/v2\/categories?post=91506"},{"taxonomy":"post_tag","embeddable":true,"href":"https:\/\/staging.ivg.it\/ediapi\/wp\/v2\/tags?post=91506"}],"curies":[{"name":"wp","href":"https:\/\/api.w.org\/{rel}","templated":true}]}}