{"id":91445,"date":"2010-06-08T17:06:39","date_gmt":"2010-06-08T15:06:39","guid":{"rendered":"http:\/\/www.ivg.it\/?p=91445"},"modified":"2010-06-08T17:06:39","modified_gmt":"2010-06-08T15:06:39","slug":"savona-ti-porto-al-porto-disegni-dei-bimbi-in-mostra","status":"publish","type":"post","link":"https:\/\/staging.ivg.it\/2010\/06\/savona-ti-porto-al-porto-disegni-dei-bimbi-in-mostra\/","title":{"rendered":"Savona, &#8220;Ti porto al Porto&#8221;: disegni dei bimbi in mostra"},"content":{"rendered":"<p><strong>Savona. <\/strong>Si \u00e8 concluso il progetto &#8220;Ti porto al Porto&#8221;, dedicato alle scuole della citt\u00e0 di Savona e della provincia di Cuneo e realizzato dall&#8217;Autorit\u00e0 portuale di savona con il contributo della Fondazione &#8220;De Mari&#8221; e di &#8220;Eurocin. Geie&#8221;. Prender\u00e0 ora il via la mostra di lavori realizzati dai bambini delle elementari, dopo alcune visite ai due bacini portuali savonesi, dove cento alunni delle primarie del luogo hanno fatto da &#8220;ciceroni&#8221; ai coetanei del Basso Piemonte.<\/p>\n<p>Ci \u00e8 parso giusto riconoscere con una esposizione pubblica l&#8217;entusiasmo che i piccoli hanno mostrato nello scoprire le attivit\u00e0 che si sviluppano sulle banchine del porto. I loro lavori sono davvero capolavori di fantasia e rappresentano con immediatezza ci\u00f2 che del mondo dei &#8216;grandi&#8217; li colpisce&#8221; spiegano dalla Port Authority.<\/p>\n<p>L&#8217;esposizione dei lavori, che verr\u00e0 inaugurata gioved\u00ec pomeriggio alle 17,30, sar\u00e0 ospitata nell&#8217;atrio del palazzo municipale fino al 24 giugno. Le migliori opere, scelte dai visitatori, saranno premiate con una visita su una nave Costa Crociere.<\/p>\n","protected":false},"excerpt":{"rendered":"<p>Savona. Si \u00e8 concluso il progetto &#8220;Ti porto al Porto&#8221;, dedicato alle scuole della citt\u00e0 di Savona e della provincia di Cuneo e realizzato dall&#8217;Autorit\u00e0 portuale di savona con il contributo della Fondazione &#8220;De Mari&#8221; e di &#8220;Eurocin. Geie&#8221;. Prender\u00e0 ora il via la mostra di lavori realizzati dai bambini delle elementari, dopo alcune visite [&hellip;]<\/p>\n","protected":false},"author":13744,"featured_media":0,"comment_status":"open","ping_status":"closed","sticky":false,"template":"","format":"standard","meta":{"footnotes":""},"categories":[56],"tags":[1543,389,85850],"class_list":["post-91445","post","type-post","status-publish","format-standard","hentry","category-altre","tag-autorita-portuale","tag-mostre-darte","tag-savona","post_cat_citta-savona"],"amp_validity":null,"amp_enabled":true,"_links":{"self":[{"href":"https:\/\/staging.ivg.it\/ediapi\/wp\/v2\/posts\/91445","targetHints":{"allow":["GET"]}}],"collection":[{"href":"https:\/\/staging.ivg.it\/ediapi\/wp\/v2\/posts"}],"about":[{"href":"https:\/\/staging.ivg.it\/ediapi\/wp\/v2\/types\/post"}],"author":[{"embeddable":true,"href":"https:\/\/staging.ivg.it\/ediapi\/wp\/v2\/users\/13744"}],"replies":[{"embeddable":true,"href":"https:\/\/staging.ivg.it\/ediapi\/wp\/v2\/comments?post=91445"}],"version-history":[{"count":0,"href":"https:\/\/staging.ivg.it\/ediapi\/wp\/v2\/posts\/91445\/revisions"}],"wp:attachment":[{"href":"https:\/\/staging.ivg.it\/ediapi\/wp\/v2\/media?parent=91445"}],"wp:term":[{"taxonomy":"category","embeddable":true,"href":"https:\/\/staging.ivg.it\/ediapi\/wp\/v2\/categories?post=91445"},{"taxonomy":"post_tag","embeddable":true,"href":"https:\/\/staging.ivg.it\/ediapi\/wp\/v2\/tags?post=91445"}],"curies":[{"name":"wp","href":"https:\/\/api.w.org\/{rel}","templated":true}]}}