{"id":91442,"date":"2010-06-08T16:52:12","date_gmt":"2010-06-08T14:52:12","guid":{"rendered":"http:\/\/www.ivg.it\/?p=91442"},"modified":"2010-06-08T16:52:12","modified_gmt":"2010-06-08T14:52:12","slug":"liguria-assessore-briano-dati-arpal-base-per-politica-ambientale","status":"publish","type":"post","link":"https:\/\/staging.ivg.it\/2010\/06\/liguria-assessore-briano-dati-arpal-base-per-politica-ambientale\/","title":{"rendered":"Liguria, assessore Briano: &#8220;Dati Arpal base per politica ambientale&#8221;"},"content":{"rendered":"<p><strong>Liguria. <\/strong>&#8220;Arpal \u00e8 una struttura pubblica, fondamentale per le nostre decisioni e per far comprendere ai cittadini che lo stato dell&#8217;ambiente si misura con dei dati concreti, grazie ai quali, con il trascorrere del tempo, si possono rilevare i miglioramenti ed i peggioramenti: \u00e8 su questo che voglio costruire le scelte che verranno fatte nella nostra regione in materia ambientale&#8221;.<\/p>\n<p>Cos\u00ec ha commentato l&#8217;assessore regionale all&#8217;ambiente Renata Briano, dopo la visita alla sede centrale dell&#8217;Agenzia Regionale per la Protezione dell&#8217;Ambiente Ligure, svoltasi in occasione dell&#8217;apertura al pubblico della struttura, nell&#8217;ambito dell&#8217;iniziativa &#8220;Open Arpal&#8221;, in corso fino a domani.<\/p>\n<p>&#8220;Educazione ambientale e costruzione di modelli di sviluppo sostenibile &#8211; ha proseguito Briano &#8211; sono politiche strettamente collegate, di cui si discute in ogni parte del mondo. Iniziative come &#8216;Open Arpal&#8217; servono per aumentare la conoscenza sulle azioni di gestione dell&#8217;ambiente e la fiducia verso le istituzioni&#8221;.<\/p>\n<p>&#8220;Poter vedere in prima persona i laboratori e gli uffici, chiedere direttamente a chi si occupa di ambiente per tutto l&#8217;anno informazioni sulle procedure e sulle metodiche utilizzate &#8211; ha concluso l&#8217;assessore &#8211; \u00e8 una forma di collaborazione diretta estremamente efficace&#8221;.<\/p>\n<p>Nell&#8217;ambito dell&#8217;evento \u00e8 stato anche inaugurato l&#8217;impianto di pannelli fotovoltaici installato sul tetto dell&#8217;edificio, che, in condizioni ideali, pu\u00f2 produrre fino a 20 kWh di energia, quantit\u00e0 sufficiente a soddisfare il fabbisogno energetico di una decina di appartamenti. &#8220;La sostenibilit\u00e0 ambientale \u00e8 la nostra mission e cerchiamo di metterla in pratica nella vita di tutti i giorni &#8211; ha spiegato il direttore generale di Arpal Bruno Soracco &#8211; Con la realizzazione di questo impianto, grazie ad un importante co-finanziamento della Regione, abbiamo compiuto un ulteriore passo avanti che costituisce anche un&#8217;importante azione dimostrativa&#8221;.<\/p>\n","protected":false},"excerpt":{"rendered":"<p>Liguria. &#8220;Arpal \u00e8 una struttura pubblica, fondamentale per le nostre decisioni e per far comprendere ai cittadini che lo stato dell&#8217;ambiente si misura con dei dati concreti, grazie ai quali, con il trascorrere del tempo, si possono rilevare i miglioramenti ed i peggioramenti: \u00e8 su questo che voglio costruire le scelte che verranno fatte nella [&hellip;]<\/p>\n","protected":false},"author":13744,"featured_media":0,"comment_status":"open","ping_status":"closed","sticky":false,"template":"","format":"standard","meta":{"footnotes":""},"categories":[],"tags":[106,1540,393,295],"class_list":["post-91442","post","type-post","status-publish","format-standard","hentry","tag-ambiente","tag-arpal","tag-liguria","tag-regione","post_cat_citta-andora","post_cat_citta-savona"],"amp_validity":null,"amp_enabled":true,"_links":{"self":[{"href":"https:\/\/staging.ivg.it\/ediapi\/wp\/v2\/posts\/91442","targetHints":{"allow":["GET"]}}],"collection":[{"href":"https:\/\/staging.ivg.it\/ediapi\/wp\/v2\/posts"}],"about":[{"href":"https:\/\/staging.ivg.it\/ediapi\/wp\/v2\/types\/post"}],"author":[{"embeddable":true,"href":"https:\/\/staging.ivg.it\/ediapi\/wp\/v2\/users\/13744"}],"replies":[{"embeddable":true,"href":"https:\/\/staging.ivg.it\/ediapi\/wp\/v2\/comments?post=91442"}],"version-history":[{"count":0,"href":"https:\/\/staging.ivg.it\/ediapi\/wp\/v2\/posts\/91442\/revisions"}],"wp:attachment":[{"href":"https:\/\/staging.ivg.it\/ediapi\/wp\/v2\/media?parent=91442"}],"wp:term":[{"taxonomy":"category","embeddable":true,"href":"https:\/\/staging.ivg.it\/ediapi\/wp\/v2\/categories?post=91442"},{"taxonomy":"post_tag","embeddable":true,"href":"https:\/\/staging.ivg.it\/ediapi\/wp\/v2\/tags?post=91442"}],"curies":[{"name":"wp","href":"https:\/\/api.w.org\/{rel}","templated":true}]}}