{"id":91398,"date":"2010-06-08T11:45:21","date_gmt":"2010-06-08T09:45:21","guid":{"rendered":"http:\/\/www.ivg.it\/?p=91398"},"modified":"2010-06-08T14:55:45","modified_gmt":"2010-06-08T12:55:45","slug":"mafia-maroni-la-stiamo-contrastando-con-aggressione-ai-patrimoni","status":"publish","type":"post","link":"https:\/\/staging.ivg.it\/2010\/06\/mafia-maroni-la-stiamo-contrastando-con-aggressione-ai-patrimoni\/","title":{"rendered":"Mafia, Maroni: &#8220;La stiamo contrastando con aggressione ai patrimoni&#8221;"},"content":{"rendered":"<p><strong>Savona<\/strong>. La firma del Patto per la Sicurezza della Provincia di Savona \u00e8 stata l&#8217;occasione per il Ministro dell&#8217;Interno Roberto Maroni di ribadire ancora una volta il grande impegno che lo Stato sta mettendo nella lotta alla criminalit\u00e0 organizzata: &#8220;Abbiamo avviato un&#8217;azione di contrasto molto forte nei confronti della criminalit\u00e0 organizzata non solo come operazioni di polizia ma anche soprattutto con la strategia di aggressione ai patrimoni di queste realt\u00e0&#8221;<\/p>\n<p>&#8220;Le mafie in Italia hanno un fatturato enorme che si avvicina ai cento miliardi di euro all&#8217;anno. Noi abbiamo sviluppato dal punto di vista legislativo e operativo delle azioni e delle iniziative di aggressione a questi patrimoni che ci stanno dando grandi soddisfazioni&#8221; prosegue Maroni.<\/p>\n<p>&#8220;In questi due anni sono stati sequestrati e confiscati beni alla criminalit\u00e0 organizzata per 11 miliardi di euro, 25 mila beni in tutto tra immobili, societ\u00e0, partecipazioni azionarie. Questo immenso patrimonio ora dobbiamo farlo fruttare a favore dei cittadini onesti. Sono beni che si trovano in tutte le Regioni, anche in Liguria. Per farli rendere al meglio, contro la mafia e a favore della comunit\u00e0, abbiamo istituito questa agenzia nazionale per la gestione dei beni sequestrati e confiscati che \u00e8 gi\u00e0 operativa&#8221; conclude il Ministro dell&#8217;Interno.<\/p>\n","protected":false},"excerpt":{"rendered":"<p>Savona. La firma del Patto per la Sicurezza della Provincia di Savona \u00e8 stata l&#8217;occasione per il Ministro dell&#8217;Interno Roberto Maroni di ribadire ancora una volta il grande impegno che lo Stato sta mettendo nella lotta alla criminalit\u00e0 organizzata: &#8220;Abbiamo avviato un&#8217;azione di contrasto molto forte nei confronti della criminalit\u00e0 organizzata non solo come operazioni [&hellip;]<\/p>\n","protected":false},"author":2394,"featured_media":0,"comment_status":"open","ping_status":"closed","sticky":false,"template":"","format":"standard","meta":{"footnotes":""},"categories":[34],"tags":[726,488,3027],"class_list":["post-91398","post","type-post","status-publish","format-standard","hentry","category-cronaca","tag-criminalita-organizzata","tag-mafia","tag-roberto-maroni","post_cat_citta-andora","post_cat_citta-savona"],"amp_validity":null,"amp_enabled":true,"_links":{"self":[{"href":"https:\/\/staging.ivg.it\/ediapi\/wp\/v2\/posts\/91398","targetHints":{"allow":["GET"]}}],"collection":[{"href":"https:\/\/staging.ivg.it\/ediapi\/wp\/v2\/posts"}],"about":[{"href":"https:\/\/staging.ivg.it\/ediapi\/wp\/v2\/types\/post"}],"author":[{"embeddable":true,"href":"https:\/\/staging.ivg.it\/ediapi\/wp\/v2\/users\/2394"}],"replies":[{"embeddable":true,"href":"https:\/\/staging.ivg.it\/ediapi\/wp\/v2\/comments?post=91398"}],"version-history":[{"count":0,"href":"https:\/\/staging.ivg.it\/ediapi\/wp\/v2\/posts\/91398\/revisions"}],"wp:attachment":[{"href":"https:\/\/staging.ivg.it\/ediapi\/wp\/v2\/media?parent=91398"}],"wp:term":[{"taxonomy":"category","embeddable":true,"href":"https:\/\/staging.ivg.it\/ediapi\/wp\/v2\/categories?post=91398"},{"taxonomy":"post_tag","embeddable":true,"href":"https:\/\/staging.ivg.it\/ediapi\/wp\/v2\/tags?post=91398"}],"curies":[{"name":"wp","href":"https:\/\/api.w.org\/{rel}","templated":true}]}}