{"id":91280,"date":"2010-06-07T12:19:58","date_gmt":"2010-06-07T10:19:58","guid":{"rendered":"http:\/\/www.ivg.it\/?p=91280"},"modified":"2010-06-07T18:16:10","modified_gmt":"2010-06-07T16:16:10","slug":"processo-tomaso-sciopero-dei-pubblici-ministeri-indiani-nuovo-rinvio","status":"publish","type":"post","link":"https:\/\/staging.ivg.it\/2010\/06\/processo-tomaso-sciopero-dei-pubblici-ministeri-indiani-nuovo-rinvio\/","title":{"rendered":"Processo Tomaso: sciopero dei pubblici ministeri indiani, nuovo rinvio"},"content":{"rendered":"<p><strong>India<\/strong>. &#8220;Notte Tomaso&#8230;purtroppo c&#8217;\u00e8 gi\u00e0 un primo intoppo&#8230;il 7 giugno c&#8217;\u00e8 lo sciopero dei Pubblici Ministeri e quindi udienza sospesa&#8230;intanto nella prossima settimana verr\u00e0 spero presentata la richiesta di libert\u00e0 su cauzione all&#8217;Alta Corte. Sei sempre nei miei pensieri, ti voglio bene&#8221;: il messaggio, pieno d&#8217;amore ma anche di delusione, arriva da Facebook e a scriverlo \u00e8 la signora Marina, la mamma di Tomaso, esasperata dai continui rinvii da parte della giustizia indiana.<\/p>\n<p>Tomaso aspetta da 4 mesi il giorno della propria scarcerazione. Da quando cio\u00e8, il 4 febbraio scorso, \u00e8 stato accusato, insieme all&#8217;amica Elisabetta, della morte del proprio compagno di viaggio, Francesco Montis. Un&#8217;accusa di omicidio che pende sulla testa di un ragazzo di 27 anni che ha sempre gridato a gran voce la propria innocenza. Questo non \u00e8 il primo rinvio che la famiglia del ragazzo deve subire. Senza contare le difficolt\u00e0 legate all&#8217;essere in un Paese straniero, che si basa su leggi diverse, dove le udienze sono ovviamente tenute in un&#8217;altra lingua, e dove \u00e8 difficile per i genitori seguire ci\u00f2 che sta accadendo. Questo ennesimo intoppo, di certo, non aiuta il morale. E infatti la famiglia, oggi, proprio non vuole fare alcun commento.<\/p>\n","protected":false},"excerpt":{"rendered":"<p>India. &#8220;Notte Tomaso&#8230;purtroppo c&#8217;\u00e8 gi\u00e0 un primo intoppo&#8230;il 7 giugno c&#8217;\u00e8 lo sciopero dei Pubblici Ministeri e quindi udienza sospesa&#8230;intanto nella prossima settimana verr\u00e0 spero presentata la richiesta di libert\u00e0 su cauzione all&#8217;Alta Corte. Sei sempre nei miei pensieri, ti voglio bene&#8221;: il messaggio, pieno d&#8217;amore ma anche di delusione, arriva da Facebook e a [&hellip;]<\/p>\n","protected":false},"author":2620,"featured_media":0,"comment_status":"open","ping_status":"closed","sticky":false,"template":"","format":"standard","meta":{"footnotes":""},"categories":[34],"tags":[21323,1365,2371,924,1981,4894,21234,21324],"class_list":["post-91280","post","type-post","status-publish","format-standard","hentry","category-cronaca","tag-elisabetta-boncompagni","tag-facebook","tag-india","tag-omicidio","tag-processo","tag-rinvio","tag-tomaso-bruno","tag-varanasi","post_cat_citta-albenga"],"amp_validity":null,"amp_enabled":true,"_links":{"self":[{"href":"https:\/\/staging.ivg.it\/ediapi\/wp\/v2\/posts\/91280","targetHints":{"allow":["GET"]}}],"collection":[{"href":"https:\/\/staging.ivg.it\/ediapi\/wp\/v2\/posts"}],"about":[{"href":"https:\/\/staging.ivg.it\/ediapi\/wp\/v2\/types\/post"}],"author":[{"embeddable":true,"href":"https:\/\/staging.ivg.it\/ediapi\/wp\/v2\/users\/2620"}],"replies":[{"embeddable":true,"href":"https:\/\/staging.ivg.it\/ediapi\/wp\/v2\/comments?post=91280"}],"version-history":[{"count":0,"href":"https:\/\/staging.ivg.it\/ediapi\/wp\/v2\/posts\/91280\/revisions"}],"wp:attachment":[{"href":"https:\/\/staging.ivg.it\/ediapi\/wp\/v2\/media?parent=91280"}],"wp:term":[{"taxonomy":"category","embeddable":true,"href":"https:\/\/staging.ivg.it\/ediapi\/wp\/v2\/categories?post=91280"},{"taxonomy":"post_tag","embeddable":true,"href":"https:\/\/staging.ivg.it\/ediapi\/wp\/v2\/tags?post=91280"}],"curies":[{"name":"wp","href":"https:\/\/api.w.org\/{rel}","templated":true}]}}