{"id":91274,"date":"2010-06-07T11:45:04","date_gmt":"2010-06-07T09:45:04","guid":{"rendered":"http:\/\/www.ivg.it\/?p=91274"},"modified":"2010-06-07T16:37:41","modified_gmt":"2010-06-07T14:37:41","slug":"ferrania-burlando-tuteleremo-il-futuro-dei-225-lavoratori-in-mobilita","status":"publish","type":"post","link":"https:\/\/staging.ivg.it\/2010\/06\/ferrania-burlando-tuteleremo-il-futuro-dei-225-lavoratori-in-mobilita\/","title":{"rendered":"Ferrania, Burlando: &#8220;Tuteleremo il futuro dei 225 lavoratori in mobilit\u00e0&#8221;"},"content":{"rendered":"<p>La speranza di &#8220;salvare il salvabile&#8221; c&#8217;\u00e8, e anche qualcosina di pi\u00f9. E&#8217; un atteggiamento positivo quello col quale il presidente Claudio Burlando si prepara all&#8217;incontro pomeridiano in Regione sulla vertenza che riguarda la Ferrania Technologies e i 225 posti di lavoro a rischio.<\/p>\n<p>&#8220;Stiamo lavorando con molto impegno perch\u00e8 la speranza rimanga viva in quesi lavoratori &#8211; dice Burlando -. Vogliamo assolutamente che quel sito rimanga produttivo, che si mettano insieme diverse esperienze, come quella con una ditta padovana e un&#8217;azienda bresciana che si sono fatte avanti, affinch\u00e8 si possa fare di Ferrania un polo importante per le fonti rinnovabili e, insieme alla piattaforma, possa rappresentare una prospettiva importante per quella parte di vallata. Per quanto riguarda la procedura di mobilit\u00e0 che interessa 225 dipendenti della Ferrania, noi insisitiamo affinch\u00e8 l&#8217;azienda ci ripensi. Vogliamo assolutamente tutelare il futuro di quei lavoratori&#8221;.<\/p>\n","protected":false},"excerpt":{"rendered":"<p>La speranza di &#8220;salvare il salvabile&#8221; c&#8217;\u00e8, e anche qualcosina di pi\u00f9. E&#8217; un atteggiamento positivo quello col quale il presidente Claudio Burlando si prepara all&#8217;incontro pomeridiano in Regione sulla vertenza che riguarda la Ferrania Technologies e i 225 posti di lavoro a rischio. &#8220;Stiamo lavorando con molto impegno perch\u00e8 la speranza rimanga viva in [&hellip;]<\/p>\n","protected":false},"author":2620,"featured_media":0,"comment_status":"open","ping_status":"closed","sticky":false,"template":"","format":"standard","meta":{"footnotes":""},"categories":[35],"tags":[8929,4070,284,6642,2860,871,482,295,410],"class_list":["post-91274","post","type-post","status-publish","format-standard","hentry","category-economia","tag-azienda","tag-cassaintegrazione","tag-claudio-burlando","tag-ferrania-technologies","tag-incontro","tag-lavoratori","tag-mobilita","tag-regione","tag-sindacati","post_cat_citta-cairo-montenotte"],"amp_validity":null,"amp_enabled":true,"_links":{"self":[{"href":"https:\/\/staging.ivg.it\/ediapi\/wp\/v2\/posts\/91274","targetHints":{"allow":["GET"]}}],"collection":[{"href":"https:\/\/staging.ivg.it\/ediapi\/wp\/v2\/posts"}],"about":[{"href":"https:\/\/staging.ivg.it\/ediapi\/wp\/v2\/types\/post"}],"author":[{"embeddable":true,"href":"https:\/\/staging.ivg.it\/ediapi\/wp\/v2\/users\/2620"}],"replies":[{"embeddable":true,"href":"https:\/\/staging.ivg.it\/ediapi\/wp\/v2\/comments?post=91274"}],"version-history":[{"count":0,"href":"https:\/\/staging.ivg.it\/ediapi\/wp\/v2\/posts\/91274\/revisions"}],"wp:attachment":[{"href":"https:\/\/staging.ivg.it\/ediapi\/wp\/v2\/media?parent=91274"}],"wp:term":[{"taxonomy":"category","embeddable":true,"href":"https:\/\/staging.ivg.it\/ediapi\/wp\/v2\/categories?post=91274"},{"taxonomy":"post_tag","embeddable":true,"href":"https:\/\/staging.ivg.it\/ediapi\/wp\/v2\/tags?post=91274"}],"curies":[{"name":"wp","href":"https:\/\/api.w.org\/{rel}","templated":true}]}}