{"id":91146,"date":"2010-06-05T09:27:04","date_gmt":"2010-06-05T07:27:04","guid":{"rendered":"http:\/\/www.ivg.it\/?p=91146"},"modified":"2010-06-05T15:49:51","modified_gmt":"2010-06-05T13:49:51","slug":"festa-dellarma-tutti-i-militari-premiati","status":"publish","type":"post","link":"https:\/\/staging.ivg.it\/2010\/06\/festa-dellarma-tutti-i-militari-premiati\/","title":{"rendered":"Festa dell&#8217;Arma: tutti i militari premiati"},"content":{"rendered":"<p><strong>Savona. <\/strong>Sono molteplici le onorificenze che saranno consegnate quest&#8217;oggi, nell&#8217;ambito del 196esimo anniversario dell&#8217;Arma, dal comandante provinciale dei carabinieri Giovanni Garau ai militari che, nel corso dell&#8217;anno, si sono distinti in servizio.[thumb:25965:l]<\/p>\n<p>Tra i premiati il luogotenente Benito Masia con croce commemorativa concessa dal ministero della difesa, per aver partecipato alla missione militare di pace in Kosovo; il tenente Michele Morelli ed il brigadiere Maurizio Marchiano e gli appuntati scelti Stefano Gambaro, Flavio Poltronieri e Germano Lanteri (compiacimento concesso dal comandante della Legione Liguria) perch\u00e8 &#8220;in occasione di rapina in istituto di credito, evidenziando elevato spirito di iniziativa e senso del dovere, intervenivano con tempestivit\u00e0 sul luogo del reato e con spiccata professionalit\u00e0 individuavano e traevano in arresto quattro malviventi e recuperavano l\u2019intera refurtiva.<\/p>\n<p>Un elogio del comandante provinciale di savona, sar\u00e0 invece attribuito al capitano Francesco Bianco, comandante del nucleo investigativo, al luogotenente Pierluigi Stendardo, al maresciallo aiutante sostituto ufficiale di pubblica sicurezza Antonio Perrelli, al maresciallo capo Marco Sanna, al brigadiere capo Ludovico De Padova, al brigadiere Piero Para, all&#8217;appuntato scelto Roberto Tamantini (tutti addetti al nucleo investigativo) con la seguente motivazione: &#8220;Evidenziando elevata professionalit\u00e0, spririto di sacrificio e senso del dovere, conducevano complesse ed articolate indagini nei confronti di un gruppo crimanle dedito al traffico internazionale di stupefacenti che si concludevano con l\u2019arresto di 10 persone, il deferimento in stato di libert\u00e0 di altre 9, il sequestro di oltre 2 chilogrammi di cocaina, i veicoli utilizzati per con consumazione del reato ed il recupero di ingente somma&#8221;.<\/p>\n<p>Un elogio del comandante provinciale sar\u00e0 poi conferito al capitano Giuseppe De Angelis, comandante del nucleo operativo e radiomobile di Savona, ai marescialli Antonino Mancuso, Roberto Valente, Carlo Bianco, Paolo Cetti, ai brigadieri Bruno Alberto Pedde, Mario Buioni, Massimo Ottonello e all&#8217;appuntato scelto Gianfranco Fae perch\u00e8 &#8220;partecipavano a complessa indagine che permetteva di trarre in arresto nella flagranza del reato di concussione, due pubblici funzionari recuperando nell&#8217;immediatezza la somma di 36 mila euro. L&#8217;attivit\u00e0 permetteva di contestare complessivamente 21 casi di concussione per un ammontare complessivo di circa 100 mila euro&#8221;.<\/p>\n<p>Anche il nucleo radiomobile savonese ricever\u00e0 un &#8220;elogio&#8221; dal comandante (che sar\u00e0 simbolicamente ritirato dal maresciallo capo Galdino Alberto Siri e dal capo equipaggio pi\u00f9 anziano, il brigadiere Mario Orlando) per essersi &#8220;distinta per impegno, dedizione al servizio e per il coseguimento di risultati operativi di rilievo&#8221;. Infatti l&#8217;aliquota del capoluogo ha perseguito 144 delitti, tratto in arresto 61 persone, denunciato a piede libero 122 soggetti, oltre ad aver controllato 11.974 persone\u00a0e\u00a07.771 veicoli.<\/p>\n<p>Elogi saranno conferiti anche al luogotenente Antonio Narice, addetto al nucleo investigativo di Savona (questa la motivazione: &#8220;Evidenziando acume investigativo, spirito di sacrificio, costante e lodevole comportamento nell&#8217;adempimento dei propri doveri nel corso di quattro anni, svolgeva complesse ed articolate indagini nei confronti di pi\u00f9 gruppi criminali italiani e stranieri dediti alle rapine, che si concludevano con l\u2019arresto di 31 persone ed il deferimento di altre 54, responsabili di 64 rapine in danno di istituti di credito&#8221;) ed ai carabinieri di quartiere brigadiere Salvatore Piazza ed appuntato Andrea Carle, che &#8220;Nel corso dell&#8217;anno 2009, dando ulteriore prova di professionalit\u00e0 e generosit\u00e0, con costante e lodevole comportamento, hanno complessivamente tratto in arresto 8 persone, ne hanno deferite\u00a0 in stato di libert\u00e0 16, sequestrato 700 grammi di hashish e 12 piante di marijuana e recuperato refurtiva\u00a0per un valore di circa mille euro&#8221;. Infine tra coloro che saranno premiati (anche in questo caso un elogio del comandante provinciale) ci sar\u00e0 anche l&#8217;appuntato scelto Giovanni Mariani che &#8220;appresa la notizia che un uomo si era chiuso in un&#8217;autorimessa con l&#8217;intento di suicidarsi, con coraggiosa determinazione, incurante del rischio per l\u2019incolunit\u00e0 personale si introduceva nel locale, ormai saturo di monossido di carbonio, riuscendo a trasportare all&#8217;esterno l&#8217;occupante scongiurando pi\u00f9 gravi conseguenze&#8221;.<\/p>\n<p>Tutte le foto della manifestazione sono <a href=\"http:\/\/www.ivg.it\/2010\/06\/05\/le-immagini-della-festa-dei-carabinieri\/\" target=\"_self\">qui<\/a><\/p>\n","protected":false},"excerpt":{"rendered":"<p>Savona. Sono molteplici le onorificenze che saranno consegnate quest&#8217;oggi, nell&#8217;ambito del 196esimo anniversario dell&#8217;Arma, dal comandante provinciale dei carabinieri Giovanni Garau ai militari che, nel corso dell&#8217;anno, si sono distinti in servizio.[thumb:25965:l] Tra i premiati il luogotenente Benito Masia con croce commemorativa concessa dal ministero della difesa, per aver partecipato alla missione militare di pace [&hellip;]<\/p>\n","protected":false},"author":13744,"featured_media":0,"comment_status":"open","ping_status":"closed","sticky":false,"template":"","format":"standard","meta":{"footnotes":""},"categories":[34],"tags":[1788,228,85850],"class_list":["post-91146","post","type-post","status-publish","format-standard","hentry","category-cronaca","tag-anniversario","tag-carabinieri","tag-savona","post_cat_citta-andora","post_cat_citta-savona"],"amp_validity":null,"amp_enabled":true,"_links":{"self":[{"href":"https:\/\/staging.ivg.it\/ediapi\/wp\/v2\/posts\/91146","targetHints":{"allow":["GET"]}}],"collection":[{"href":"https:\/\/staging.ivg.it\/ediapi\/wp\/v2\/posts"}],"about":[{"href":"https:\/\/staging.ivg.it\/ediapi\/wp\/v2\/types\/post"}],"author":[{"embeddable":true,"href":"https:\/\/staging.ivg.it\/ediapi\/wp\/v2\/users\/13744"}],"replies":[{"embeddable":true,"href":"https:\/\/staging.ivg.it\/ediapi\/wp\/v2\/comments?post=91146"}],"version-history":[{"count":0,"href":"https:\/\/staging.ivg.it\/ediapi\/wp\/v2\/posts\/91146\/revisions"}],"wp:attachment":[{"href":"https:\/\/staging.ivg.it\/ediapi\/wp\/v2\/media?parent=91146"}],"wp:term":[{"taxonomy":"category","embeddable":true,"href":"https:\/\/staging.ivg.it\/ediapi\/wp\/v2\/categories?post=91146"},{"taxonomy":"post_tag","embeddable":true,"href":"https:\/\/staging.ivg.it\/ediapi\/wp\/v2\/tags?post=91146"}],"curies":[{"name":"wp","href":"https:\/\/api.w.org\/{rel}","templated":true}]}}