{"id":91087,"date":"2010-06-04T14:03:20","date_gmt":"2010-06-04T12:03:20","guid":{"rendered":"http:\/\/www.ivg.it\/?p=91087"},"modified":"2010-06-04T14:57:55","modified_gmt":"2010-06-04T12:57:55","slug":"piastrina-di-un-alpino-altarese-consegnata-alla-famiglia","status":"publish","type":"post","link":"https:\/\/staging.ivg.it\/2010\/06\/piastrina-di-un-alpino-altarese-consegnata-alla-famiglia\/","title":{"rendered":"Piastrina di un alpino altarese consegnata alla famiglia"},"content":{"rendered":"<p><strong>Altare.<\/strong> Una &#8216;piastrina&#8217; di riconoscimento appartenuta al soldato Ugo Cagliari, un alpino nato ad Altare, in Val Bormida, nel 1921 e disperso nella ritirata di Russia, sar\u00e0 consegnata ai parenti, domani, alle 11, nel corso di una cerimonia che si terr\u00e0 a Palazzo Bellevue, sede del Comune di Sanremo.<\/p>\n<p>La famiglia, infatti, si trasfer\u00ec, poco tempo dopo la sua nascita, a Bussana di Sanremo, dove risiedono tuttora alcuni suoi nipoti, uno dei quali, figlio di un suo fratello, porta il suo stesso nome e sar\u00e0 presente alla cerimonia. Il cimelio\u00a0\u00e8 pervenuto fino a noi, grazie al lavoro di ricerca compiuto da alcuni alpini della dell&#8217;Associazione Nazionale Alpini di Milano. Gli organizzatori lo considerano un evento unico in Liguria. Per l&#8217;occasione, il vescovo diocesano Alberto Maria Careggio benedir\u00e0 la piastrina, prima di riconsegnarla ai suoi parenti. La cerimonia \u00e8 organizzata dal Comune in collaborazione con la sezione di Sanremo dell&#8217;Associazione Nazionale Alpini.<\/p>\n","protected":false},"excerpt":{"rendered":"<p>Altare. Una &#8216;piastrina&#8217; di riconoscimento appartenuta al soldato Ugo Cagliari, un alpino nato ad Altare, in Val Bormida, nel 1921 e disperso nella ritirata di Russia, sar\u00e0 consegnata ai parenti, domani, alle 11, nel corso di una cerimonia che si terr\u00e0 a Palazzo Bellevue, sede del Comune di Sanremo. La famiglia, infatti, si trasfer\u00ec, poco [&hellip;]<\/p>\n","protected":false},"author":13744,"featured_media":0,"comment_status":"open","ping_status":"closed","sticky":false,"template":"","format":"standard","meta":{"footnotes":""},"categories":[],"tags":[85871],"class_list":["post-91087","post","type-post","status-publish","format-standard","hentry","tag-altare","post_cat_citta-altare","post_cat_citta-andora"],"amp_validity":null,"amp_enabled":true,"_links":{"self":[{"href":"https:\/\/staging.ivg.it\/ediapi\/wp\/v2\/posts\/91087","targetHints":{"allow":["GET"]}}],"collection":[{"href":"https:\/\/staging.ivg.it\/ediapi\/wp\/v2\/posts"}],"about":[{"href":"https:\/\/staging.ivg.it\/ediapi\/wp\/v2\/types\/post"}],"author":[{"embeddable":true,"href":"https:\/\/staging.ivg.it\/ediapi\/wp\/v2\/users\/13744"}],"replies":[{"embeddable":true,"href":"https:\/\/staging.ivg.it\/ediapi\/wp\/v2\/comments?post=91087"}],"version-history":[{"count":0,"href":"https:\/\/staging.ivg.it\/ediapi\/wp\/v2\/posts\/91087\/revisions"}],"wp:attachment":[{"href":"https:\/\/staging.ivg.it\/ediapi\/wp\/v2\/media?parent=91087"}],"wp:term":[{"taxonomy":"category","embeddable":true,"href":"https:\/\/staging.ivg.it\/ediapi\/wp\/v2\/categories?post=91087"},{"taxonomy":"post_tag","embeddable":true,"href":"https:\/\/staging.ivg.it\/ediapi\/wp\/v2\/tags?post=91087"}],"curies":[{"name":"wp","href":"https:\/\/api.w.org\/{rel}","templated":true}]}}