{"id":90896,"date":"2010-06-01T17:33:42","date_gmt":"2010-06-01T15:33:42","guid":{"rendered":"http:\/\/www.ivg.it\/?p=90896"},"modified":"2010-06-03T01:13:27","modified_gmt":"2010-06-02T23:13:27","slug":"savona-sindacati-della-scuola-in-piazza","status":"publish","type":"post","link":"https:\/\/staging.ivg.it\/2010\/06\/savona-sindacati-della-scuola-in-piazza\/","title":{"rendered":"Savona, sindacati della scuola in piazza"},"content":{"rendered":"<p><strong>Savona. <\/strong>Assemblea &#8220;itinerante&#8221; dei sindacati della scuola per denunciare i tagli al settore della pubblica istruzione. L&#8217;iniziativa si svolger\u00e0 il 4 giugno e, partendo da piazza Diaz, dove avverr\u00e0 un&#8217;incontro con i rappresentanti del Comune, muover\u00e0 alla volta dell&#8217;ufficio scolasrico provinciale e poi della Provincia di Savona. Ad ogni &#8220;tappa&#8221; sono previsti incontri con i vertici dell&#8217;ente raggiunto.<\/p>\n<p>L&#8217;evento \u00e8 organizzato da Flc Cgil, Cisl Scuola, Uil Scuola e Snals, che spiegano: &#8220;Denunciamo i gravissimi tagli che anche quest&#8217;anno colpiscono le scuole della Liguria\u00a0 e che penalizzano non solo il personale, ma soprattutto le famiglie e gli alunni, con diminuzione del tempo pieno e, pi\u00f9 in generale, del tempo scuola, che determiner\u00e0 la riduzione della qualit\u00e0 dell\u2019offerta formativa&#8221;.<\/p>\n<p>&#8220;La gravissima situazione in cui, anche quest&#8217;anno, verranno a trovarsi i colleghi precari tra mancate stabilizzazioni e perdita di posti di lavoro &#8211; proseguono i sindacati &#8211; \u00e8 causata dalla sperequazione di una manovra finanziaria che vorrebbe far pagare ai lavoratori del pubblico impiego, prima che alla politica, i costi della crisi internazionale&#8221;.<\/p>\n<p>Tra le richieste, l&#8217;immediato rinnovo dell&#8217;accordo, raggiunto con la Regione Liguria per l&#8217;anno scolastico in corso, a tutela dei precari che rischiano di perdere il proprio posto di lavoro a causa dei tagli agli organici.<\/p>\n","protected":false},"excerpt":{"rendered":"<p>Savona. Assemblea &#8220;itinerante&#8221; dei sindacati della scuola per denunciare i tagli al settore della pubblica istruzione. L&#8217;iniziativa si svolger\u00e0 il 4 giugno e, partendo da piazza Diaz, dove avverr\u00e0 un&#8217;incontro con i rappresentanti del Comune, muover\u00e0 alla volta dell&#8217;ufficio scolasrico provinciale e poi della Provincia di Savona. Ad ogni &#8220;tappa&#8221; sono previsti incontri con i [&hellip;]<\/p>\n","protected":false},"author":13744,"featured_media":0,"comment_status":"open","ping_status":"closed","sticky":false,"template":"","format":"standard","meta":{"footnotes":""},"categories":[56],"tags":[2330,781,85850,199,410],"class_list":["post-90896","post","type-post","status-publish","format-standard","hentry","category-altre","tag-assemblea","tag-protesta","tag-savona","tag-scuola","tag-sindacati","post_cat_citta-andora","post_cat_citta-savona"],"amp_validity":null,"amp_enabled":true,"_links":{"self":[{"href":"https:\/\/staging.ivg.it\/ediapi\/wp\/v2\/posts\/90896","targetHints":{"allow":["GET"]}}],"collection":[{"href":"https:\/\/staging.ivg.it\/ediapi\/wp\/v2\/posts"}],"about":[{"href":"https:\/\/staging.ivg.it\/ediapi\/wp\/v2\/types\/post"}],"author":[{"embeddable":true,"href":"https:\/\/staging.ivg.it\/ediapi\/wp\/v2\/users\/13744"}],"replies":[{"embeddable":true,"href":"https:\/\/staging.ivg.it\/ediapi\/wp\/v2\/comments?post=90896"}],"version-history":[{"count":0,"href":"https:\/\/staging.ivg.it\/ediapi\/wp\/v2\/posts\/90896\/revisions"}],"wp:attachment":[{"href":"https:\/\/staging.ivg.it\/ediapi\/wp\/v2\/media?parent=90896"}],"wp:term":[{"taxonomy":"category","embeddable":true,"href":"https:\/\/staging.ivg.it\/ediapi\/wp\/v2\/categories?post=90896"},{"taxonomy":"post_tag","embeddable":true,"href":"https:\/\/staging.ivg.it\/ediapi\/wp\/v2\/tags?post=90896"}],"curies":[{"name":"wp","href":"https:\/\/api.w.org\/{rel}","templated":true}]}}