{"id":90871,"date":"2010-06-01T14:44:34","date_gmt":"2010-06-01T12:44:34","guid":{"rendered":"http:\/\/www.ivg.it\/?p=90871"},"modified":"2010-06-01T14:45:21","modified_gmt":"2010-06-01T12:45:21","slug":"albisola-alfredo-gioventu-vincitore-del-concorso-liguria-porta-del-mediterraneo","status":"publish","type":"post","link":"https:\/\/staging.ivg.it\/2010\/06\/albisola-alfredo-gioventu-vincitore-del-concorso-liguria-porta-del-mediterraneo\/","title":{"rendered":"Albisola, Alfredo Giovent\u00f9 vincitore del concorso &#8220;Liguria, porta del Mediterraneo&#8221;"},"content":{"rendered":"<p><strong>Albisola Superiore<\/strong>. L&#8217;artista Alfredo Giovent\u00f9 si \u00e8 aggiudicato la vittoria per la sezione di Albisola Superiore del concorso per opere di arredo urbano &#8220;Liguria, porta del Mediterraneo&#8221;, fortemente sostenuto dalla Camera di Commercio di Savona in collaborazione con i Comuni di Genova, Savona, Albisola Superiore e Albissola Marina.<\/p>\n<p>La commissione giudicatrice del concorso ha scelto il bozzetto dell&#8217;opera dal\u00a0titolo &#8220;Arcipelaghi di parole&#8221; per la migliore interpretazione del tema, per l&#8217;originalit\u00e0 e l&#8217;eccellenza dell&#8217;esito e per la risoluzione offerta alla particolare collocazione finale dell&#8217;opera. Il concorso, nell&#8217;ambito della quinta edizione del &#8220;Festival Internazionale della Maiolica&#8221;, \u00e8 stato articolato in cinque sezioni e rivolto a ceramisti artigiani, allievi di Scuole d&#8217;Arte e Universit\u00e0 con sede sul territorio della Liguria. Gli artisti italiani e stranieri sono stati presentati da una bottega artigiana o industria ceramica con sede sul territorio ligure.<\/p>\n<p>Ogni citt\u00e0 ha individuato un pannello decorativo da posizionare sul proprio territorio. Tutti i partecipanti hanno presentato i bozzetti in scala, realizzandoli nello stesso materiale ceramico e con le medesime caratteristiche e qualit\u00e0 tecniche dell&#8217;opera che verr\u00e0 realizzata dalle singole amministrazioni entro il 2010.<\/p>\n<p>Al concorso hanno partecipato 24 opere che hanno richiesto, per la loro realizzazione, una competenza ed una professionalit\u00e0 in campo ceramico di alto livello. Le opere presentate saranno esposte al pubblico in una singolare mostra che sar\u00e0 inaugurata gioved\u00ec 3 giugno alle 18 a Villa Gavotti, ad Albisola Superiore, e che proseguir\u00e0 sino al 14 giugno (orario di apertura al pubblico 16 &#8211; 19).<\/p>\n<p>Ancora il 3 giugno, in occasione dell&#8217;inaugurazione della mostra, sar\u00e0 consegnato il &#8220;premio alla carriera&#8221; al decoratore ceramico distintosi per meriti, professionalit\u00e0 ed esperienza. Nell&#8217;edizione 2010 del Festival i Comuni di Albisola Superiore ed Albissola Marina premieranno il maestro Toni Salem.<\/p>\n","protected":false},"excerpt":{"rendered":"<p>Albisola Superiore. L&#8217;artista Alfredo Giovent\u00f9 si \u00e8 aggiudicato la vittoria per la sezione di Albisola Superiore del concorso per opere di arredo urbano &#8220;Liguria, porta del Mediterraneo&#8221;, fortemente sostenuto dalla Camera di Commercio di Savona in collaborazione con i Comuni di Genova, Savona, Albisola Superiore e Albissola Marina. La commissione giudicatrice del concorso ha scelto [&hellip;]<\/p>\n","protected":false},"author":5,"featured_media":0,"comment_status":"open","ping_status":"closed","sticky":false,"template":"","format":"standard","meta":{"footnotes":""},"categories":[],"tags":[86016,390,2646,862],"class_list":["post-90871","post","type-post","status-publish","format-standard","hentry","tag-albisola-superiore","tag-arte","tag-artista","tag-concorso","post_cat_citta-albisola-superiore","post_cat_citta-albissola-marina","post_cat_citta-savona"],"amp_validity":null,"amp_enabled":true,"_links":{"self":[{"href":"https:\/\/staging.ivg.it\/ediapi\/wp\/v2\/posts\/90871","targetHints":{"allow":["GET"]}}],"collection":[{"href":"https:\/\/staging.ivg.it\/ediapi\/wp\/v2\/posts"}],"about":[{"href":"https:\/\/staging.ivg.it\/ediapi\/wp\/v2\/types\/post"}],"author":[{"embeddable":true,"href":"https:\/\/staging.ivg.it\/ediapi\/wp\/v2\/users\/5"}],"replies":[{"embeddable":true,"href":"https:\/\/staging.ivg.it\/ediapi\/wp\/v2\/comments?post=90871"}],"version-history":[{"count":0,"href":"https:\/\/staging.ivg.it\/ediapi\/wp\/v2\/posts\/90871\/revisions"}],"wp:attachment":[{"href":"https:\/\/staging.ivg.it\/ediapi\/wp\/v2\/media?parent=90871"}],"wp:term":[{"taxonomy":"category","embeddable":true,"href":"https:\/\/staging.ivg.it\/ediapi\/wp\/v2\/categories?post=90871"},{"taxonomy":"post_tag","embeddable":true,"href":"https:\/\/staging.ivg.it\/ediapi\/wp\/v2\/tags?post=90871"}],"curies":[{"name":"wp","href":"https:\/\/api.w.org\/{rel}","templated":true}]}}