{"id":90870,"date":"2010-06-01T14:38:25","date_gmt":"2010-06-01T12:38:25","guid":{"rendered":"http:\/\/www.ivg.it\/?p=90870"},"modified":"2010-06-01T14:46:53","modified_gmt":"2010-06-01T12:46:53","slug":"ambiente-in-liguria-a-rischio-il-40-della-biodiversita","status":"publish","type":"post","link":"https:\/\/staging.ivg.it\/2010\/06\/ambiente-in-liguria-a-rischio-il-40-della-biodiversita\/","title":{"rendered":"Ambiente, in Liguria a rischio il 40% della biodiversit\u00e0"},"content":{"rendered":"<p><strong>Liguria<\/strong>. Entro il 2050, nell&#8217;entroterra della Liguria, \u00e8 a rischio il 40% di biodiversit\u00e0, secondo il Gruppo intergovernativo sul mutamento climatico. Lo ha spiegato, questa mattina a Genova, il presidente della Provincia Alessandro Repetto presentando la Giornata Mondiale dell&#8217;Ambiente.<\/p>\n<p>Il Gruppo intergovernativo \u00e8 il foro scientifico formato dalle Nazioni Unite per lo studio del riscaldamento globale. L&#8217;Onu, il prossimo 5 giugno ha scelto Genova, unica citt\u00e0 nel globo dopo la statunitense Pittsburgh, come sede centrale per le iniziative per la Giornata Mondiale dell&#8217;Ambiente. La Lanterna di Genova si trasformer\u00e0 in un grande palco: venerd\u00ec 4 giugno, alle 11, lungo la facciata del faro simbolo della citt\u00e0 il presidente Repetto srotoler\u00e0 uno striscione di 8 metri per 12 con la scritta &#8220;Biodiversit\u00e0. Tante specie. Un unico pianeta. Un unico futuro&#8221; ideata dall&#8217;Onu.<\/p>\n<p>Il 3 giugno, alle 17, a Palazzo Ducale, sar\u00e0 inaugurata una lanterna di cannucce dell&#8217;artista Edoardo Malagigi. Sabato 5 giugno la Lanterna ospiter\u00e0 le mostre &#8220;Il clima che faremo&#8221; e &#8220;Biodiversit\u00e0: ricchezza (in)visibile del nostro territorio&#8221;. A seguire mostre, giochi, letture e musica.<br \/>\n&#8220;Continuano i progetti della Provincia per ridurre le 6.7 tonnellate di Co2 prodotte ogni anno a Genova &#8211; ha detto il presidente Repetto &#8211; come il porto verde, le nuove lampade a led, il Bilanco energetico certificato, gli incentivi a tetti fotovoltaici e riscaldamenti a basso consumo&#8221;.<\/p>\n","protected":false},"excerpt":{"rendered":"<p>Liguria. Entro il 2050, nell&#8217;entroterra della Liguria, \u00e8 a rischio il 40% di biodiversit\u00e0, secondo il Gruppo intergovernativo sul mutamento climatico. Lo ha spiegato, questa mattina a Genova, il presidente della Provincia Alessandro Repetto presentando la Giornata Mondiale dell&#8217;Ambiente. Il Gruppo intergovernativo \u00e8 il foro scientifico formato dalle Nazioni Unite per lo studio del riscaldamento [&hellip;]<\/p>\n","protected":false},"author":5,"featured_media":0,"comment_status":"open","ping_status":"closed","sticky":false,"template":"","format":"standard","meta":{"footnotes":""},"categories":[56],"tags":[106,1894,3315,393,13243],"class_list":["post-90870","post","type-post","status-publish","format-standard","hentry","category-altre","tag-ambiente","tag-animali","tag-fauna","tag-liguria","tag-rischio"],"amp_validity":null,"amp_enabled":true,"_links":{"self":[{"href":"https:\/\/staging.ivg.it\/ediapi\/wp\/v2\/posts\/90870","targetHints":{"allow":["GET"]}}],"collection":[{"href":"https:\/\/staging.ivg.it\/ediapi\/wp\/v2\/posts"}],"about":[{"href":"https:\/\/staging.ivg.it\/ediapi\/wp\/v2\/types\/post"}],"author":[{"embeddable":true,"href":"https:\/\/staging.ivg.it\/ediapi\/wp\/v2\/users\/5"}],"replies":[{"embeddable":true,"href":"https:\/\/staging.ivg.it\/ediapi\/wp\/v2\/comments?post=90870"}],"version-history":[{"count":0,"href":"https:\/\/staging.ivg.it\/ediapi\/wp\/v2\/posts\/90870\/revisions"}],"wp:attachment":[{"href":"https:\/\/staging.ivg.it\/ediapi\/wp\/v2\/media?parent=90870"}],"wp:term":[{"taxonomy":"category","embeddable":true,"href":"https:\/\/staging.ivg.it\/ediapi\/wp\/v2\/categories?post=90870"},{"taxonomy":"post_tag","embeddable":true,"href":"https:\/\/staging.ivg.it\/ediapi\/wp\/v2\/tags?post=90870"}],"curies":[{"name":"wp","href":"https:\/\/api.w.org\/{rel}","templated":true}]}}