{"id":90638,"date":"2010-05-29T11:41:10","date_gmt":"2010-05-29T09:41:10","guid":{"rendered":"http:\/\/www.ivg.it\/?p=90638"},"modified":"2010-05-29T20:29:33","modified_gmt":"2010-05-29T18:29:33","slug":"savona-berruti-mondomarine-e-risorsa-importante-per-la-citta","status":"publish","type":"post","link":"https:\/\/staging.ivg.it\/2010\/05\/savona-berruti-mondomarine-e-risorsa-importante-per-la-citta\/","title":{"rendered":"Savona, Berruti: &#8220;Mondomarine \u00e8 risorsa importante per la citt\u00e0&#8221;"},"content":{"rendered":"<p><strong>Savona<\/strong>. &#8220;Quando si vara una nuova imbarcazione \u00e8 un momento emozionante ma va guardato con grande attenzione anche per quello che significa rispetto al nostro sistema produttivo e per l&#8217;occupazione di questa citt\u00e0&#8221;. E&#8217; questo il primo commento del sindaco di Savona Federico Berruti sul varo del nuovo yacht Mondomarine.<\/p>\n<p>&#8220;Questa \u00e8 un&#8217;azienda che oggi da lavoro a circa 250 persone tra addetti diretti e indotto delle piccole e medie imprese che lavorano per Mondomarine. E&#8217; quindi una delle realt\u00e0 produttive pi\u00f9 importanti della nostra citt\u00e0 e sta affrontando con grande capacit\u00e0 e con grande determinazione e coraggio una fase difficilissima per la nautica. Una fase nella quale purtroppo molti cantieri sono entrati in crisi. Malgrado questo Mondomarine consolida la produzione, l&#8217;occupazione e ha programmi di crescita&#8221; osserva il primo cittadino savonese.<\/p>\n<p>&#8220;Io sono assolutamente grato quindi alla propriet\u00e0, al management e a tutte le maestranze per quello che stanno facendo. Credo che la nautica che sia una grande opportunit\u00e0 di sviluppo per la nostra citt\u00e0 che \u00e8 stata industriale e che deve continuare ad esserlo. Il legame col mare e col turismo di questi luoghi \u00e8 promettente perch\u00e9 questi continuino a dare occupazione e benessere a tanti savonesi&#8221; conclude Berruti.<\/p>\n","protected":false},"excerpt":{"rendered":"<p>Savona. &#8220;Quando si vara una nuova imbarcazione \u00e8 un momento emozionante ma va guardato con grande attenzione anche per quello che significa rispetto al nostro sistema produttivo e per l&#8217;occupazione di questa citt\u00e0&#8221;. E&#8217; questo il primo commento del sindaco di Savona Federico Berruti sul varo del nuovo yacht Mondomarine. &#8220;Questa \u00e8 un&#8217;azienda che oggi [&hellip;]<\/p>\n","protected":false},"author":2394,"featured_media":0,"comment_status":"open","ping_status":"closed","sticky":false,"template":"","format":"standard","meta":{"footnotes":""},"categories":[34,35],"tags":[1809,4014,7306,85850,6324],"class_list":["post-90638","post","type-post","status-publish","format-standard","hentry","category-cronaca","category-economia","tag-barca","tag-cantieri-navali","tag-mondomarine","tag-savona","tag-yacht","post_cat_citta-savona"],"amp_validity":null,"amp_enabled":true,"_links":{"self":[{"href":"https:\/\/staging.ivg.it\/ediapi\/wp\/v2\/posts\/90638","targetHints":{"allow":["GET"]}}],"collection":[{"href":"https:\/\/staging.ivg.it\/ediapi\/wp\/v2\/posts"}],"about":[{"href":"https:\/\/staging.ivg.it\/ediapi\/wp\/v2\/types\/post"}],"author":[{"embeddable":true,"href":"https:\/\/staging.ivg.it\/ediapi\/wp\/v2\/users\/2394"}],"replies":[{"embeddable":true,"href":"https:\/\/staging.ivg.it\/ediapi\/wp\/v2\/comments?post=90638"}],"version-history":[{"count":0,"href":"https:\/\/staging.ivg.it\/ediapi\/wp\/v2\/posts\/90638\/revisions"}],"wp:attachment":[{"href":"https:\/\/staging.ivg.it\/ediapi\/wp\/v2\/media?parent=90638"}],"wp:term":[{"taxonomy":"category","embeddable":true,"href":"https:\/\/staging.ivg.it\/ediapi\/wp\/v2\/categories?post=90638"},{"taxonomy":"post_tag","embeddable":true,"href":"https:\/\/staging.ivg.it\/ediapi\/wp\/v2\/tags?post=90638"}],"curies":[{"name":"wp","href":"https:\/\/api.w.org\/{rel}","templated":true}]}}