{"id":90634,"date":"2010-05-29T11:20:21","date_gmt":"2010-05-29T09:20:21","guid":{"rendered":"http:\/\/www.ivg.it\/?p=90634"},"modified":"2010-05-30T16:43:34","modified_gmt":"2010-05-30T14:43:34","slug":"savona-varato-lultimo-gioiello-di-casa-mondomarine-e-uno-yacht-di-41-metri","status":"publish","type":"post","link":"https:\/\/staging.ivg.it\/2010\/05\/savona-varato-lultimo-gioiello-di-casa-mondomarine-e-uno-yacht-di-41-metri\/","title":{"rendered":"Savona, varato l&#8217;ultimo &#8220;gioiello&#8221; di Mondo Marine: \u00e8 uno yacht lungo 41 metri (foto)"},"content":{"rendered":"<p><strong>Savona<\/strong>. Festa ai cantieri Mondomarine di Savona dove, questa mattina, alla presenza del sindaco di Savona Federico Berruti e di altre autorit\u00e0 locali, \u00e8 stato varato il nuovo motoryacht da 41 metri costruito nei cantieri di lungomare Matteotti. Grande soddisfazione \u00e8 stata espressa dall&#8217;amministratore delegato di Mondomarine Diego Deprati che ha spiegato: &#8220;Questo yacht \u00e8 un&#8217;imbarcazione di 41 metri di lunghezza, \u00e8 una barca a semi dislocamento con velocit\u00e0 di circa 21 nodi. Il suo punto di forza \u00e8 l&#8217;estremo confort sia durante la navigazione che durante la sosta in porto&#8221;.<\/p>\n<p>Mistero sull&#8217;acquirente della barca da sogno: &#8220;Posso solo dirvi che il proprietario non \u00e8 europeo e arriva dalla Russia&#8221; spiega Deprati che racconta che per questo tipo di imbarcazioni il tempo di attesa \u00e8 di circa due anni. &#8220;Il costo? E&#8217; una domanda un p\u00f2 particolare..diciamo che costa quanto basta&#8221; aggiunge l&#8217;amministratore delegato dei cantieri.<\/p>\n<p>Buone notizie arrivano anche sul fronte crisi che sembra non aver toccato questa realt\u00e0 savonese: &#8220;Devo dire che aver seminato bene durante l&#8217;autunno ci sta dando oggi dei buoni frutti. Sono un p\u00f2 dispiaciuto per l&#8217;andamento generale della nautica italiana che \u00e8 oggi, in alcuni casi, in difficolt\u00e0. Noi grazie alla nostra produzione di nicchia e grazie al fatto che le nostre barche sono un prodotto molto specialistico, prodotto interamente in cantiere, che assume anche un carattere qualitativo che viene apprezzato dalla clientela, stiamo andando bene&#8221; spiega Deprati.<\/p>\n<p>&#8220;Il nostro legame con la citt\u00e0 \u00e8 sempre forte e quella di oggi ha voluto anche essere un&#8217;occasione per far capire alle autorit\u00e0 amministrative e non che Mondomarine appartiene alla comunit\u00e0 savonese&#8221; conclude l&#8217;amministratore delegato di Mondomarine.<\/p>\n<p>La galleria fotografica dell&#8217;evento \u00e8 <a href=\"http:\/\/www.ivg.it\/2010\/05\/29\/cantieristica-il-varo-del-magnifiq-alla-mondo-marine\/\" target=\"_self\">qui<\/a><\/p>\n","protected":false},"excerpt":{"rendered":"<p>Savona. Festa ai cantieri Mondomarine di Savona dove, questa mattina, alla presenza del sindaco di Savona Federico Berruti e di altre autorit\u00e0 locali, \u00e8 stato varato il nuovo motoryacht da 41 metri costruito nei cantieri di lungomare Matteotti. Grande soddisfazione \u00e8 stata espressa dall&#8217;amministratore delegato di Mondomarine Diego Deprati che ha spiegato: &#8220;Questo yacht \u00e8 [&hellip;]<\/p>\n","protected":false},"author":2394,"featured_media":0,"comment_status":"open","ping_status":"closed","sticky":false,"template":"","format":"standard","meta":{"footnotes":""},"categories":[34,35],"tags":[1809,4014,7306,85850,6324],"class_list":["post-90634","post","type-post","status-publish","format-standard","hentry","category-cronaca","category-economia","tag-barca","tag-cantieri-navali","tag-mondomarine","tag-savona","tag-yacht","post_cat_citta-savona"],"amp_validity":null,"amp_enabled":true,"_links":{"self":[{"href":"https:\/\/staging.ivg.it\/ediapi\/wp\/v2\/posts\/90634","targetHints":{"allow":["GET"]}}],"collection":[{"href":"https:\/\/staging.ivg.it\/ediapi\/wp\/v2\/posts"}],"about":[{"href":"https:\/\/staging.ivg.it\/ediapi\/wp\/v2\/types\/post"}],"author":[{"embeddable":true,"href":"https:\/\/staging.ivg.it\/ediapi\/wp\/v2\/users\/2394"}],"replies":[{"embeddable":true,"href":"https:\/\/staging.ivg.it\/ediapi\/wp\/v2\/comments?post=90634"}],"version-history":[{"count":0,"href":"https:\/\/staging.ivg.it\/ediapi\/wp\/v2\/posts\/90634\/revisions"}],"wp:attachment":[{"href":"https:\/\/staging.ivg.it\/ediapi\/wp\/v2\/media?parent=90634"}],"wp:term":[{"taxonomy":"category","embeddable":true,"href":"https:\/\/staging.ivg.it\/ediapi\/wp\/v2\/categories?post=90634"},{"taxonomy":"post_tag","embeddable":true,"href":"https:\/\/staging.ivg.it\/ediapi\/wp\/v2\/tags?post=90634"}],"curies":[{"name":"wp","href":"https:\/\/api.w.org\/{rel}","templated":true}]}}