{"id":90428,"date":"2010-05-27T11:06:10","date_gmt":"2010-05-27T09:06:10","guid":{"rendered":"http:\/\/www.ivg.it\/?p=90428"},"modified":"2010-05-28T10:58:43","modified_gmt":"2010-05-28T08:58:43","slug":"pallanuoto-mercoledi-il-primo-atto-della-finale-tra-savona-e-pro-recco","status":"publish","type":"post","link":"https:\/\/staging.ivg.it\/2010\/05\/pallanuoto-mercoledi-il-primo-atto-della-finale-tra-savona-e-pro-recco\/","title":{"rendered":"Pallanuoto, mercoled\u00ec il primo atto della finale tra Savona e Pro Recco"},"content":{"rendered":"<p><strong>Albisola Superiore<\/strong>. Sono ripresi marted\u00ec gli allenamenti della Rari Nantes Savona in vista dell&#8217;ultimo appuntamento stagionale, la finalissima di serie A1 contro la Pro Recco. Gara 1 si giocher\u00e0 mercoled\u00ec 2 giugno a Luceto alle ore 20. Le successive due sfide si disputeranno a Recco sabato 5 e a Luceto marted\u00ec 8. Eventuale gara 4 \u00e8 in programma a Recco sabato 12 e l&#8217;ipotetica bella verrebbe giocata nella piscina albisolese mercoled\u00ec 16.<\/p>\n<p>Dopo aver perso sia la Coppa Italia che la Coppa Len solamente all&#8217;atto finale, i biancorossi cercheranno di conquistare il quarto scudetto, dopo quelli del 1991, del 1992 e del 2005. Nel frattempo hanno gi\u00e0 la certezza di aver centrato un traguardo: grazie a questa finale hanno ottenuto il pass per la prossima Eurolega.<\/p>\n<p>La societ\u00e0 savonese ha iniziato la prevendita dei biglietti per la prima finale. Sar\u00e0 possibile acquistarli presso la segreteria con i seguenti orari: venerd\u00ec 28 maggio dalle ore 15,00 alle ore 19,00; luned\u00ec 31 maggio dalle ore 15,00 alle ore 19,00; marted\u00ec 1 giugno dalle ore 16,30 alle ore 19,30. Infine, mercoled\u00ec 2 giugno il botteghino aprir\u00e0 alle ore 18,00. Il costo del biglietto \u00e8 di 15 euro, 12 per il ridotto.<\/p>\n<p>La Rari Nantes Savona ha raggiunto la finale aggiudicandosi per 2 a 0 la serie con il Posillipo. I biancorossi hanno vinto 7 &#8211; 8 a Napoli, grazie ad una terza frazione di gioco eccezionale, nella quale hanno ribaltato una situazione che si era fatta difficilissima.<\/p>\n<p>Il tabellino dell&#8217;incontro:<br \/>\nC.N. Posillipo &#8211; Rari Nantes Savona 7 &#8211; 8<br \/>\n(Parziali: 2 &#8211; 2, 3 &#8211; 0, 0 &#8211; 4, 2 &#8211; 2)<br \/>\nC.N. Posillipo: Negri, Fiorillo, Mattiello 1, Buonocore, Scotti Galletta, Politze 3, Gambacorta, Gallo, Baraldi 2, Bertoli 1, Saccoia, Varga, Lignano. All. Carlo Silipo.<br \/>\nRari Nantes Savona: Pastorino, Varellas 1, F. Mistrangelo, Giacoppo, Damonte, Rizzo 1, Janovic 2, Angelini, Lapenna, D. Fiorentini 1, Aicardi 1, G. Fiorentini 2, Conti. All. Claudio Mistrangelo.<br \/>\nArbitri: Massimiliano Caputi (Roma) e Dante Saeli (Mestre). Delegato Fin: Ricci.<\/p>\n<p>Il Posillipo ha segnato 2 reti su 10 occasioni con l&#8217;uomo in pi\u00f9, oltre a 2 rigori trasformati da Politze. Il Savona ha chiuso con un 3 su 10 in superiorit\u00e0 numerica e 2 tiri dai cinque metri, segnati da Rizzo e Janovic. Da segnalare le uscite definitive per 3 falli di Janovic e Buonocore, rispettivamente a 3&#8217;34&#8221; e a 3&#8242; dalla fine dell&#8217;incontro. Nel quarto tempo sono stati espulsi per proteste Chicco Sciacero e Claudio Mistrangelo.<\/p>\n<p>&#8220;Sono contento di avere raggiunto la finale &#8211; ha dichiarato Mistrangelo a fine partita -. Abbiamo disputato una prestazione sofferta nella prima parte di gara, ma abbiamo ribaltato la situazione negli ultimi due tempi, vincendo meritatamente la partita. Ora ci aspettano due giorni di riposo e poi ci tufferemo nell\u2019ultima sfida. Per 24 ore, per\u00f2, godiamoci questo momento\u201d.<\/p>\n","protected":false},"excerpt":{"rendered":"<p>Albisola Superiore. Sono ripresi marted\u00ec gli allenamenti della Rari Nantes Savona in vista dell&#8217;ultimo appuntamento stagionale, la finalissima di serie A1 contro la Pro Recco. Gara 1 si giocher\u00e0 mercoled\u00ec 2 giugno a Luceto alle ore 20. Le successive due sfide si disputeranno a Recco sabato 5 e a Luceto marted\u00ec 8. Eventuale gara 4 [&hellip;]<\/p>\n","protected":false},"author":18,"featured_media":0,"comment_status":"open","ping_status":"closed","sticky":false,"template":"","format":"standard","meta":{"footnotes":""},"categories":[32],"tags":[1211,168,7301,1508,165,3676],"class_list":["post-90428","post","type-post","status-publish","format-standard","hentry","category-sport","tag-claudio-mistrangelo","tag-luceto","tag-playoff","tag-pro-recco","tag-rari-nantes-savona","tag-serie-a1","post_cat_citta-albisola-superiore","post_cat_citta-savona"],"amp_validity":null,"amp_enabled":true,"_links":{"self":[{"href":"https:\/\/staging.ivg.it\/ediapi\/wp\/v2\/posts\/90428","targetHints":{"allow":["GET"]}}],"collection":[{"href":"https:\/\/staging.ivg.it\/ediapi\/wp\/v2\/posts"}],"about":[{"href":"https:\/\/staging.ivg.it\/ediapi\/wp\/v2\/types\/post"}],"author":[{"embeddable":true,"href":"https:\/\/staging.ivg.it\/ediapi\/wp\/v2\/users\/18"}],"replies":[{"embeddable":true,"href":"https:\/\/staging.ivg.it\/ediapi\/wp\/v2\/comments?post=90428"}],"version-history":[{"count":0,"href":"https:\/\/staging.ivg.it\/ediapi\/wp\/v2\/posts\/90428\/revisions"}],"wp:attachment":[{"href":"https:\/\/staging.ivg.it\/ediapi\/wp\/v2\/media?parent=90428"}],"wp:term":[{"taxonomy":"category","embeddable":true,"href":"https:\/\/staging.ivg.it\/ediapi\/wp\/v2\/categories?post=90428"},{"taxonomy":"post_tag","embeddable":true,"href":"https:\/\/staging.ivg.it\/ediapi\/wp\/v2\/tags?post=90428"}],"curies":[{"name":"wp","href":"https:\/\/api.w.org\/{rel}","templated":true}]}}