{"id":90334,"date":"2010-05-26T10:45:48","date_gmt":"2010-05-26T08:45:48","guid":{"rendered":"http:\/\/www.ivg.it\/?p=90334"},"modified":"2010-05-26T14:57:05","modified_gmt":"2010-05-26T12:57:05","slug":"cartiera-verde-incontro-sindacati-azienda-spostato-allo-stabilimento-varazzino","status":"publish","type":"post","link":"https:\/\/staging.ivg.it\/2010\/05\/cartiera-verde-incontro-sindacati-azienda-spostato-allo-stabilimento-varazzino\/","title":{"rendered":"Cartiera Verde: incontro sindacati-azienda spostato allo stabilimento varazzino"},"content":{"rendered":"<p><strong>Varazze.<\/strong> E&#8217; stato spostato dalla sede dell&#8217;Unione Industriali allo stabilimento varazzino l&#8217;incontro programmato per oggi, alle ore 15, che metter\u00e0 ancora una volta attorno ad un tavolo azienda e sindacati. Per le ore 14 e 30 resta confermato il presidio organizzato dal Comitato per la difesa dei posti di lavoro della Cartiera di Varazze.<\/p>\n<p>Al centro la richiesta della proroga della cassa integrazione in scadenza al 31 maggio, oltre al possibile rilancio produttivo del sito con nuove lavorazioni. Garanzie, chiedono i sindacati, anche sul fronte della manutenzione interna ed esterna, oltre all\u2019attivit\u00e0 di guardinaggio, dovr\u00e0 essere effettuata, che dovr\u00e0 essere effettuta a rotazione, dal personale interno. Un nuovo incontro tra sindacati e azienda \u00e8 stata gi\u00e0 fissato per il prossimo 28 maggio.<\/p>\n","protected":false},"excerpt":{"rendered":"<p>Varazze. E&#8217; stato spostato dalla sede dell&#8217;Unione Industriali allo stabilimento varazzino l&#8217;incontro programmato per oggi, alle ore 15, che metter\u00e0 ancora una volta attorno ad un tavolo azienda e sindacati. Per le ore 14 e 30 resta confermato il presidio organizzato dal Comitato per la difesa dei posti di lavoro della Cartiera di Varazze. Al [&hellip;]<\/p>\n","protected":false},"author":13744,"featured_media":0,"comment_status":"open","ping_status":"closed","sticky":false,"template":"","format":"standard","meta":{"footnotes":""},"categories":[35],"tags":[8929,238,21583,19597,1526,715,410,86052,85868],"class_list":["post-90334","post","type-post","status-publish","format-standard","hentry","category-economia","tag-azienda","tag-cartiera","tag-cartiera-di-varazze","tag-cartiera-verde","tag-cassa-integrazione","tag-manutenzione","tag-sindacati","tag-unione-industriali","tag-varazze","post_cat_citta-andora","post_cat_citta-savona","post_cat_citta-varazze"],"amp_validity":null,"amp_enabled":true,"_links":{"self":[{"href":"https:\/\/staging.ivg.it\/ediapi\/wp\/v2\/posts\/90334","targetHints":{"allow":["GET"]}}],"collection":[{"href":"https:\/\/staging.ivg.it\/ediapi\/wp\/v2\/posts"}],"about":[{"href":"https:\/\/staging.ivg.it\/ediapi\/wp\/v2\/types\/post"}],"author":[{"embeddable":true,"href":"https:\/\/staging.ivg.it\/ediapi\/wp\/v2\/users\/13744"}],"replies":[{"embeddable":true,"href":"https:\/\/staging.ivg.it\/ediapi\/wp\/v2\/comments?post=90334"}],"version-history":[{"count":0,"href":"https:\/\/staging.ivg.it\/ediapi\/wp\/v2\/posts\/90334\/revisions"}],"wp:attachment":[{"href":"https:\/\/staging.ivg.it\/ediapi\/wp\/v2\/media?parent=90334"}],"wp:term":[{"taxonomy":"category","embeddable":true,"href":"https:\/\/staging.ivg.it\/ediapi\/wp\/v2\/categories?post=90334"},{"taxonomy":"post_tag","embeddable":true,"href":"https:\/\/staging.ivg.it\/ediapi\/wp\/v2\/tags?post=90334"}],"curies":[{"name":"wp","href":"https:\/\/api.w.org\/{rel}","templated":true}]}}