{"id":90221,"date":"2010-05-25T12:14:45","date_gmt":"2010-05-25T10:14:45","guid":{"rendered":"http:\/\/www.ivg.it\/?p=90221"},"modified":"2010-05-25T12:16:06","modified_gmt":"2010-05-25T10:16:06","slug":"savona-chiusura-via-genova-variazione-percorsi-bus-su-linee-5-e-8","status":"publish","type":"post","link":"https:\/\/staging.ivg.it\/2010\/05\/savona-chiusura-via-genova-variazione-percorsi-bus-su-linee-5-e-8\/","title":{"rendered":"Savona, chiusura via Genova: variazione percorsi bus su linee 5 e 8"},"content":{"rendered":"<p><strong>Savona<\/strong>. L&#8217;Acts comunica che il giorno 26 maggio, per consentire lavori di bitumatura, dalle ore 8 e fino a termine lavori, verr\u00e0 interdetta al transito degli autobus via Genova a Savona (tratto tra l\u2019Ospedale e San Benedetto). Gli autobus della linea 5 ed 8, pertanto, effettueranno i seguenti percorsi. Direzione Savona \u2013 Albisola: normale percorso fino all\u2019Ospedale San Paolo, Via Valloria Nuova, Aurelia, San Benedetto e quindi normale percorso; direzione Albisola \u2013 Savona: San Benedetto, Aurelia, Via Valloria Nuova, Ospedale San Paolo e quindi normale percoso.<\/p>\n<p>Per ulteriori informazioni sui servizi ACTS \u00e8 possibile contattare il numero 800 012727 (attivo nei giorni feriali dal luned\u00ec al venerd\u00ec dalle ore 7.15 alle ore 19.00; il sabato dalle 7.15 alle 13.00) e il sito internet aziendale all\u2019indirizzo www.acts.it.<\/p>\n","protected":false},"excerpt":{"rendered":"<p>Savona. L&#8217;Acts comunica che il giorno 26 maggio, per consentire lavori di bitumatura, dalle ore 8 e fino a termine lavori, verr\u00e0 interdetta al transito degli autobus via Genova a Savona (tratto tra l\u2019Ospedale e San Benedetto). Gli autobus della linea 5 ed 8, pertanto, effettueranno i seguenti percorsi. Direzione Savona \u2013 Albisola: normale percorso [&hellip;]<\/p>\n","protected":false},"author":2394,"featured_media":0,"comment_status":"open","ping_status":"closed","sticky":false,"template":"","format":"standard","meta":{"footnotes":""},"categories":[34],"tags":[2707,4204,85850,9658,3373],"class_list":["post-90221","post","type-post","status-publish","format-standard","hentry","category-cronaca","tag-chiusura","tag-linee","tag-savona","tag-variazioni","tag-via-genova","post_cat_citta-savona"],"amp_validity":null,"amp_enabled":true,"_links":{"self":[{"href":"https:\/\/staging.ivg.it\/ediapi\/wp\/v2\/posts\/90221","targetHints":{"allow":["GET"]}}],"collection":[{"href":"https:\/\/staging.ivg.it\/ediapi\/wp\/v2\/posts"}],"about":[{"href":"https:\/\/staging.ivg.it\/ediapi\/wp\/v2\/types\/post"}],"author":[{"embeddable":true,"href":"https:\/\/staging.ivg.it\/ediapi\/wp\/v2\/users\/2394"}],"replies":[{"embeddable":true,"href":"https:\/\/staging.ivg.it\/ediapi\/wp\/v2\/comments?post=90221"}],"version-history":[{"count":0,"href":"https:\/\/staging.ivg.it\/ediapi\/wp\/v2\/posts\/90221\/revisions"}],"wp:attachment":[{"href":"https:\/\/staging.ivg.it\/ediapi\/wp\/v2\/media?parent=90221"}],"wp:term":[{"taxonomy":"category","embeddable":true,"href":"https:\/\/staging.ivg.it\/ediapi\/wp\/v2\/categories?post=90221"},{"taxonomy":"post_tag","embeddable":true,"href":"https:\/\/staging.ivg.it\/ediapi\/wp\/v2\/tags?post=90221"}],"curies":[{"name":"wp","href":"https:\/\/api.w.org\/{rel}","templated":true}]}}