{"id":90121,"date":"2010-05-24T13:55:22","date_gmt":"2010-05-24T11:55:22","guid":{"rendered":"http:\/\/www.ivg.it\/?p=90121"},"modified":"2010-05-24T14:17:04","modified_gmt":"2010-05-24T12:17:04","slug":"andora-il-presidente-della-provincia-vaccarezza-alla-festa-di-santa-rita","status":"publish","type":"post","link":"https:\/\/staging.ivg.it\/2010\/05\/andora-il-presidente-della-provincia-vaccarezza-alla-festa-di-santa-rita\/","title":{"rendered":"Andora, il presidente della Provincia Vaccarezza alla festa di Santa Rita"},"content":{"rendered":"<p><strong>Andora.<\/strong> Andora ha celebrato la sua festa pi\u00f9 antica: Santa Rita. La giornata si \u00e8 svolta nella tipica piazzetta di Santa Rita ed \u00e8 cominciata con la Santa Messa e la benedizione delle rose per poi proseguire con musica ed allegria fino a sera per l&#8217;attesa sagra delle cozze.<\/p>\n<p>Grazie all&#8217;importante lavoro di volontariato del gruppo Santa Rita sono stati consumati ben 11 quintali di cozze alla Santa Rita e 35.000 frittelle di mele. La grande affluenza registrata anche quest&#8217;anno dalla festa, nonostante la concomitanza con l&#8217;evento gastronomico culturale \u201csale &amp; Pesce\u201d dimostra come le persone siano fortemente legate al territorio savonese e alle sue tradizioni.<\/p>\n<p>&#8220;Eventi come questo dovrebbero farci riflettere su quanto sia importante il<br \/>\ncoordinamento e la corretta promozione dell&#8217;offerta turistico\/tradizionale<br \/>\nanche presso i visitatori occasionali della nostra provincia, al fine di far conoscere in maniera sempre pi\u00f9 estesa le eccellenze non solo balneari che ci caratterizzano&#8221; ha evidenziato il presidente della Provincia Angelo Vaccarezza.<\/p>\n","protected":false},"excerpt":{"rendered":"<p>Andora. Andora ha celebrato la sua festa pi\u00f9 antica: Santa Rita. La giornata si \u00e8 svolta nella tipica piazzetta di Santa Rita ed \u00e8 cominciata con la Santa Messa e la benedizione delle rose per poi proseguire con musica ed allegria fino a sera per l&#8217;attesa sagra delle cozze. Grazie all&#8217;importante lavoro di volontariato del [&hellip;]<\/p>\n","protected":false},"author":13744,"featured_media":0,"comment_status":"open","ping_status":"closed","sticky":false,"template":"","format":"standard","meta":{"footnotes":""},"categories":[],"tags":[2317,2847,4426,36,369,509,85976,389,375,370],"class_list":["post-90121","post","type-post","status-publish","format-standard","hentry","tag-angelo-vaccarezza","tag-benedizione","tag-coordinamento","tag-cultura","tag-festa","tag-lavoro","tag-lettere","tag-mostre-darte","tag-provincia","tag-sagra","post_cat_citta-andora","post_cat_citta-savona"],"amp_validity":null,"amp_enabled":true,"_links":{"self":[{"href":"https:\/\/staging.ivg.it\/ediapi\/wp\/v2\/posts\/90121","targetHints":{"allow":["GET"]}}],"collection":[{"href":"https:\/\/staging.ivg.it\/ediapi\/wp\/v2\/posts"}],"about":[{"href":"https:\/\/staging.ivg.it\/ediapi\/wp\/v2\/types\/post"}],"author":[{"embeddable":true,"href":"https:\/\/staging.ivg.it\/ediapi\/wp\/v2\/users\/13744"}],"replies":[{"embeddable":true,"href":"https:\/\/staging.ivg.it\/ediapi\/wp\/v2\/comments?post=90121"}],"version-history":[{"count":0,"href":"https:\/\/staging.ivg.it\/ediapi\/wp\/v2\/posts\/90121\/revisions"}],"wp:attachment":[{"href":"https:\/\/staging.ivg.it\/ediapi\/wp\/v2\/media?parent=90121"}],"wp:term":[{"taxonomy":"category","embeddable":true,"href":"https:\/\/staging.ivg.it\/ediapi\/wp\/v2\/categories?post=90121"},{"taxonomy":"post_tag","embeddable":true,"href":"https:\/\/staging.ivg.it\/ediapi\/wp\/v2\/tags?post=90121"}],"curies":[{"name":"wp","href":"https:\/\/api.w.org\/{rel}","templated":true}]}}