{"id":90070,"date":"2010-05-23T17:45:04","date_gmt":"2010-05-23T15:45:04","guid":{"rendered":"http:\/\/www.ivg.it\/?p=90070"},"modified":"2010-05-23T17:45:04","modified_gmt":"2010-05-23T15:45:04","slug":"intercettazioni-burlando-firma-lappello-de-la-repubblica","status":"publish","type":"post","link":"https:\/\/staging.ivg.it\/2010\/05\/intercettazioni-burlando-firma-lappello-de-la-repubblica\/","title":{"rendered":"Intercettazioni: Burlando firma l&#8217;appello de &#8221; La Repubblica&#8221;"},"content":{"rendered":"<p><strong>Liguria<\/strong>. Il presidente della Regione Liguria Claudio Burlando ha sottoscritto l&#8217;appello lanciato dal quotidiano &#8220;La Repubblica&#8221; contro l&#8217;attuale formulazione della legge sulle intercettazioni in discussione in Parlamento.<\/p>\n<p>&#8220;Sottoscrivo in modo convinto questo appello &#8211; ha dichiarato -. E&#8217; certo essenziale difendere le garanzie di legalit\u00e0 nelle procedure dei processi penali ma non rinunciando alla libert\u00e0 di stampa e alla trasparenza dell&#8217;informazione. Tanto pi\u00f9 di fronte all&#8217;urgenza di un costante impegno contro la corruzione e la criminalit\u00e0&#8221;.<\/p>\n","protected":false},"excerpt":{"rendered":"<p>Liguria. Il presidente della Regione Liguria Claudio Burlando ha sottoscritto l&#8217;appello lanciato dal quotidiano &#8220;La Repubblica&#8221; contro l&#8217;attuale formulazione della legge sulle intercettazioni in discussione in Parlamento. &#8220;Sottoscrivo in modo convinto questo appello &#8211; ha dichiarato -. E&#8217; certo essenziale difendere le garanzie di legalit\u00e0 nelle procedure dei processi penali ma non rinunciando alla libert\u00e0 [&hellip;]<\/p>\n","protected":false},"author":13744,"featured_media":0,"comment_status":"open","ping_status":"closed","sticky":false,"template":"","format":"standard","meta":{"footnotes":""},"categories":[],"tags":[6126,284,2290,2655],"class_list":["post-90070","post","type-post","status-publish","format-standard","hentry","tag-appello","tag-claudio-burlando","tag-firma","tag-intercettazioni"],"amp_validity":null,"amp_enabled":true,"_links":{"self":[{"href":"https:\/\/staging.ivg.it\/ediapi\/wp\/v2\/posts\/90070","targetHints":{"allow":["GET"]}}],"collection":[{"href":"https:\/\/staging.ivg.it\/ediapi\/wp\/v2\/posts"}],"about":[{"href":"https:\/\/staging.ivg.it\/ediapi\/wp\/v2\/types\/post"}],"author":[{"embeddable":true,"href":"https:\/\/staging.ivg.it\/ediapi\/wp\/v2\/users\/13744"}],"replies":[{"embeddable":true,"href":"https:\/\/staging.ivg.it\/ediapi\/wp\/v2\/comments?post=90070"}],"version-history":[{"count":0,"href":"https:\/\/staging.ivg.it\/ediapi\/wp\/v2\/posts\/90070\/revisions"}],"wp:attachment":[{"href":"https:\/\/staging.ivg.it\/ediapi\/wp\/v2\/media?parent=90070"}],"wp:term":[{"taxonomy":"category","embeddable":true,"href":"https:\/\/staging.ivg.it\/ediapi\/wp\/v2\/categories?post=90070"},{"taxonomy":"post_tag","embeddable":true,"href":"https:\/\/staging.ivg.it\/ediapi\/wp\/v2\/tags?post=90070"}],"curies":[{"name":"wp","href":"https:\/\/api.w.org\/{rel}","templated":true}]}}