{"id":90049,"date":"2010-05-22T19:04:12","date_gmt":"2010-05-22T17:04:12","guid":{"rendered":"http:\/\/www.ivg.it\/?p=90049"},"modified":"2010-05-24T08:46:39","modified_gmt":"2010-05-24T06:46:39","slug":"cantieri-rodriquez-burlando-contiamo-molto-sullincontro-di-martedi","status":"publish","type":"post","link":"https:\/\/staging.ivg.it\/2010\/05\/cantieri-rodriquez-burlando-contiamo-molto-sullincontro-di-martedi\/","title":{"rendered":"Cantieri Rodriquez, Burlando: &#8220;Contiamo molto sull&#8217;incontro di marted\u00ec&#8221;"},"content":{"rendered":"<p><strong>Pietra Ligure<\/strong>. Il presidente della Regione, Claudio Burlando, presente all&#8217;inaugurazione di &#8220;Pietra Ligure Infiore&#8221; annuncia l&#8217;incontro di marted\u00ec in Regione sui cantieri Rodriquez, che vedr\u00e0 sedersi allo stesso tavolo propriet\u00e0, sindacati, Comune pietrese e istituzioni politiche.<\/p>\n<p>&#8220;Si tratta di un incontro molto importante &#8211; ha detto Burlando &#8211; sia per gli aspetti di protezione sociale e poi perch\u00e8 bisogna definire gli aspetti urbanistici sulla base del progetto che ormai \u00e8 pronto. Proprio la scorsa settimana, abbiamo parlato di questo problema in Giunta e siamo sicuri che le parti in causa siano determinate nello stipulare accordi affinch\u00e8 il piano possa partire&#8221;.<\/p>\n<p>Sul servizio di elisoccorso di stanza ad Albenga e mai partito, il presidente fa sapere: &#8220;L&#8217;unica cosa che noi non possiamo fare \u00e8 pilotarlo &#8211; esordisce Burlando -. So comunque che i vigili del fuoco hanno assicurato la partenza per giugno. Evidentemente un mezzo cos\u00ec moderno ha costretto i pompieri ad una lunga fase di addestramento&#8221;.<\/p>\n","protected":false},"excerpt":{"rendered":"<p>Pietra Ligure. Il presidente della Regione, Claudio Burlando, presente all&#8217;inaugurazione di &#8220;Pietra Ligure Infiore&#8221; annuncia l&#8217;incontro di marted\u00ec in Regione sui cantieri Rodriquez, che vedr\u00e0 sedersi allo stesso tavolo propriet\u00e0, sindacati, Comune pietrese e istituzioni politiche. &#8220;Si tratta di un incontro molto importante &#8211; ha detto Burlando &#8211; sia per gli aspetti di protezione sociale [&hellip;]<\/p>\n","protected":false},"author":13744,"featured_media":0,"comment_status":"open","ping_status":"closed","sticky":false,"template":"","format":"standard","meta":{"footnotes":""},"categories":[31],"tags":[3712,284,374,2860,22923,14395,295,410],"class_list":["post-90049","post","type-post","status-publish","format-standard","hentry","category-politica","tag-cantieri-rodriquez","tag-claudio-burlando","tag-elisoccorso","tag-incontro","tag-piano-urbanistico","tag-proprieta","tag-regione","tag-sindacati","post_cat_citta-pietra-ligure"],"amp_validity":null,"amp_enabled":true,"_links":{"self":[{"href":"https:\/\/staging.ivg.it\/ediapi\/wp\/v2\/posts\/90049","targetHints":{"allow":["GET"]}}],"collection":[{"href":"https:\/\/staging.ivg.it\/ediapi\/wp\/v2\/posts"}],"about":[{"href":"https:\/\/staging.ivg.it\/ediapi\/wp\/v2\/types\/post"}],"author":[{"embeddable":true,"href":"https:\/\/staging.ivg.it\/ediapi\/wp\/v2\/users\/13744"}],"replies":[{"embeddable":true,"href":"https:\/\/staging.ivg.it\/ediapi\/wp\/v2\/comments?post=90049"}],"version-history":[{"count":0,"href":"https:\/\/staging.ivg.it\/ediapi\/wp\/v2\/posts\/90049\/revisions"}],"wp:attachment":[{"href":"https:\/\/staging.ivg.it\/ediapi\/wp\/v2\/media?parent=90049"}],"wp:term":[{"taxonomy":"category","embeddable":true,"href":"https:\/\/staging.ivg.it\/ediapi\/wp\/v2\/categories?post=90049"},{"taxonomy":"post_tag","embeddable":true,"href":"https:\/\/staging.ivg.it\/ediapi\/wp\/v2\/tags?post=90049"}],"curies":[{"name":"wp","href":"https:\/\/api.w.org\/{rel}","templated":true}]}}