{"id":89731,"date":"2010-05-19T16:51:39","date_gmt":"2010-05-19T14:51:39","guid":{"rendered":"http:\/\/www.ivg.it\/?p=89731"},"modified":"2010-05-20T10:29:01","modified_gmt":"2010-05-20T08:29:01","slug":"legge-elettorale-regionale-doppia-preferenza-per-le-pari-opportunita","status":"publish","type":"post","link":"https:\/\/staging.ivg.it\/2010\/05\/legge-elettorale-regionale-doppia-preferenza-per-le-pari-opportunita\/","title":{"rendered":"Legge elettorale regionale: doppia preferenza per le pari opportunit\u00e0"},"content":{"rendered":"<p><strong>Liguria. <\/strong>Le &#8220;pari opportunit\u00e0&#8221; sbarcano nel dibattito sulla nuova legge elettorale per l&#8217;assemblea ligure, grazie ad una proposta messa a punto dalla neo capogruppo democratica Raffaella Paita e dal consigliere (e segretario regionale) Pd Lorenzo Basso. Il progetto sarebbe quello di dar vita a una scheda elettorale con due preferenze, ciascuna &#8220;dedicata&#8221; ad un sesso.<\/p>\n<p>&#8220;Nel dibattito di eri &#8211; affermano Paita e Basso &#8211; il presidente Burlando ha lanciato la sfida di una nuova legge che introduca il principio della pariteticit\u00e0 delle rappresentanza di genere. E&#8217; un obiettivo di civilt\u00e0 sul quale ragioneremo approfonditamente. Ci sono Regioni che hanno gi\u00e0 scelto questa strada. Assieme a questo, dobbiamo abrogare il &#8216;listino'&#8221;.<\/p>\n<p>&#8220;Abbiamo il tempo necessario per poter approfondire le varie posizioni e arrivare ad una nuova legge che sia maggiormente rappresentativa delle istanze territoriali e promuova le pari opportunit\u00e0 e pi\u00f9 donne nelle istituzioni regionali &#8211; spiegano poi i due esponenti Pd &#8211; Non \u00e8 infatti un momento felice per le donne italiane: mentre conquistano spazi in tutto il mondo e contano sempre di pi\u00f9, da noi il tempo sembra essersi fermato. La riforma delle istituzioni\u00a0 e il progresso culturale nel nostro Paese devono andare di pari passo e noi, in Liguria, abbiamo l&#8217;occasione per farlo&#8221;.<\/p>\n<p>Oggi le donne in consiglio regionale sono sei su quaranta consiglieri, solo il 15% del totale. Il dibattito sulla legge elettorale prende quindi il via fin dai primi giorni della nuova legislatura: nella passata si era discusso sulla base di tre proposte, presentate dal centrodestra, dal Pd e dall&#8217;Udc, ma non si era riusciti a raggiungere un accordo su un testo comune.<\/p>\n","protected":false},"excerpt":{"rendered":"<p>Liguria. Le &#8220;pari opportunit\u00e0&#8221; sbarcano nel dibattito sulla nuova legge elettorale per l&#8217;assemblea ligure, grazie ad una proposta messa a punto dalla neo capogruppo democratica Raffaella Paita e dal consigliere (e segretario regionale) Pd Lorenzo Basso. Il progetto sarebbe quello di dar vita a una scheda elettorale con due preferenze, ciascuna &#8220;dedicata&#8221; ad un sesso. [&hellip;]<\/p>\n","protected":false},"author":13744,"featured_media":0,"comment_status":"open","ping_status":"closed","sticky":false,"template":"","format":"standard","meta":{"footnotes":""},"categories":[31],"tags":[527,393,526,295],"class_list":["post-89731","post","type-post","status-publish","format-standard","hentry","category-politica","tag-legge-elettorale","tag-liguria","tag-preferenza","tag-regione","post_cat_citta-andora","post_cat_citta-savona"],"amp_validity":null,"amp_enabled":true,"_links":{"self":[{"href":"https:\/\/staging.ivg.it\/ediapi\/wp\/v2\/posts\/89731","targetHints":{"allow":["GET"]}}],"collection":[{"href":"https:\/\/staging.ivg.it\/ediapi\/wp\/v2\/posts"}],"about":[{"href":"https:\/\/staging.ivg.it\/ediapi\/wp\/v2\/types\/post"}],"author":[{"embeddable":true,"href":"https:\/\/staging.ivg.it\/ediapi\/wp\/v2\/users\/13744"}],"replies":[{"embeddable":true,"href":"https:\/\/staging.ivg.it\/ediapi\/wp\/v2\/comments?post=89731"}],"version-history":[{"count":0,"href":"https:\/\/staging.ivg.it\/ediapi\/wp\/v2\/posts\/89731\/revisions"}],"wp:attachment":[{"href":"https:\/\/staging.ivg.it\/ediapi\/wp\/v2\/media?parent=89731"}],"wp:term":[{"taxonomy":"category","embeddable":true,"href":"https:\/\/staging.ivg.it\/ediapi\/wp\/v2\/categories?post=89731"},{"taxonomy":"post_tag","embeddable":true,"href":"https:\/\/staging.ivg.it\/ediapi\/wp\/v2\/tags?post=89731"}],"curies":[{"name":"wp","href":"https:\/\/api.w.org\/{rel}","templated":true}]}}