{"id":89723,"date":"2010-05-19T16:13:26","date_gmt":"2010-05-19T14:13:26","guid":{"rendered":"http:\/\/www.ivg.it\/?p=89723"},"modified":"2010-05-20T09:42:38","modified_gmt":"2010-05-20T07:42:38","slug":"feri-gravemente-un-carabiniere-dopo-una-rissa-cairese-24enne-condannato-a-4-anni","status":"publish","type":"post","link":"https:\/\/staging.ivg.it\/2010\/05\/feri-gravemente-un-carabiniere-dopo-una-rissa-cairese-24enne-condannato-a-4-anni\/","title":{"rendered":"Fer\u00ec gravemente un carabiniere dopo una rissa: cairese 24enne condannato a 4 anni"},"content":{"rendered":"<p><strong>Savona<\/strong>. Quattro anni di reclusione. E&#8217; questa la condanna che il giudice Barbara Romano, con rito abbreviato, questa mattina, ha inflitto ad un cairese di 24 anni, Jonny C., per il reato di resistenza a pubblico ufficiale e lesioni personali aggravate. Il giovane, che \u00e8 gi\u00e0 noto alle forze dell&#8217;ordine e all&#8217;Autorit\u00e0 Giudiziaria, la sera del 7 agosto 2008, a Cairo, aveva infatti aggredito, procurandogli delle gravi lesioni all&#8217;orecchio sinistro, un carabiniere.<\/p>\n<p>In quella circostanza i militari erano intervenuti per sedare un principio di rissa tra Jonny C., il fratello, un altro ragazzo e il padre di quest&#8217;ultimo. Alla vista dei militari per\u00f2 il ventiquatrenne, anzich\u00e9 calmarsi, si era scagliato sul carabiniere che a causa delle lesioni era dovuto ricorrere alle cure dei sanitari del nosocomio cairese. All&#8217;ospedale di Cairo il militare era anche stato sottoposto ad un intervento chirurgico ed era stato giudicato guaribile in 30 giorni. <\/p>\n<p>Il carabiniere, che ha riportato lesioni permanenti all&#8217;udito, tutelato dall&#8217;avvocato Mara Tagliero, si \u00e8 costituito parte civile nel processo. Questa mattina il giudice ha gi\u00e0 stabilito, in attesa della decisione che verr\u00e0 presa in sede civile, che Jonny C., assistito dall&#8217;avvocato Lorenzi, dovr\u00e0 versare una provvissionale di 10 mila euro.<\/p>\n<p>Il ragazzo, lo scorso giugno, era anche stato condannato a 3 anni e 7 mesi di reclusione perch\u00e9 accusato, insieme al fratello Enrico, di aver minacciato e picchiato due testimoni dei fatti avvenuti presso la discoteca B-Spider prima del delitto di Roberto Siri.<\/p>\n","protected":false},"excerpt":{"rendered":"<p>Savona. Quattro anni di reclusione. E&#8217; questa la condanna che il giudice Barbara Romano, con rito abbreviato, questa mattina, ha inflitto ad un cairese di 24 anni, Jonny C., per il reato di resistenza a pubblico ufficiale e lesioni personali aggravate. Il giovane, che \u00e8 gi\u00e0 noto alle forze dell&#8217;ordine e all&#8217;Autorit\u00e0 Giudiziaria, la sera [&hellip;]<\/p>\n","protected":false},"author":2394,"featured_media":0,"comment_status":"open","ping_status":"closed","sticky":false,"template":"","format":"standard","meta":{"footnotes":""},"categories":[34],"tags":[4843,151,14411,963,342,718,17104,16920],"class_list":["post-89723","post","type-post","status-publish","format-standard","hentry","category-cronaca","tag-barbara-romano","tag-cairo","tag-carabiniere","tag-condanna","tag-lesioni","tag-rissa","tag-rito-abbreviato","tag-tribunale-di-savona","post_cat_citta-cairo-montenotte","post_cat_citta-savona"],"amp_validity":null,"amp_enabled":true,"_links":{"self":[{"href":"https:\/\/staging.ivg.it\/ediapi\/wp\/v2\/posts\/89723","targetHints":{"allow":["GET"]}}],"collection":[{"href":"https:\/\/staging.ivg.it\/ediapi\/wp\/v2\/posts"}],"about":[{"href":"https:\/\/staging.ivg.it\/ediapi\/wp\/v2\/types\/post"}],"author":[{"embeddable":true,"href":"https:\/\/staging.ivg.it\/ediapi\/wp\/v2\/users\/2394"}],"replies":[{"embeddable":true,"href":"https:\/\/staging.ivg.it\/ediapi\/wp\/v2\/comments?post=89723"}],"version-history":[{"count":0,"href":"https:\/\/staging.ivg.it\/ediapi\/wp\/v2\/posts\/89723\/revisions"}],"wp:attachment":[{"href":"https:\/\/staging.ivg.it\/ediapi\/wp\/v2\/media?parent=89723"}],"wp:term":[{"taxonomy":"category","embeddable":true,"href":"https:\/\/staging.ivg.it\/ediapi\/wp\/v2\/categories?post=89723"},{"taxonomy":"post_tag","embeddable":true,"href":"https:\/\/staging.ivg.it\/ediapi\/wp\/v2\/tags?post=89723"}],"curies":[{"name":"wp","href":"https:\/\/api.w.org\/{rel}","templated":true}]}}