{"id":89634,"date":"2010-05-18T18:24:48","date_gmt":"2010-05-18T16:24:48","guid":{"rendered":"http:\/\/www.ivg.it\/?p=89634"},"modified":"2010-05-19T11:13:51","modified_gmt":"2010-05-19T09:13:51","slug":"canavese-bene-la-delega-di-burlando-criterio-per-lautonomia-dei-porti","status":"publish","type":"post","link":"https:\/\/staging.ivg.it\/2010\/05\/canavese-bene-la-delega-di-burlando-criterio-per-lautonomia-dei-porti\/","title":{"rendered":"Canavese: &#8220;Bene la delega di Burlando, criterio per l&#8217;autonomia dei porti&#8221;"},"content":{"rendered":"<p><strong>Savona.<\/strong>\u00a0&#8220;Credo che Claudio Burlando sia una persona molto competente in tema di porti e infrastrutture e questo fa ben sperare&#8221;. Cos\u00ec il presidente della Port Authority savonese inizia il lungo colloquio con le telecamere di IVG.it. Dopo un periodo di &#8220;silenzio&#8221; il presidente della Autorit\u00e0 portuale \u00e8 intervenuto prima sul caso degli esuberi Maersk, e ora rilascia i primi commenti sulla delega ai porti mantenuta dal presidente della Regione Liguria nell&#8217;ambito della composizione della giunta regionale.<\/p>\n<p>A breve \u00e8 previsto un primo incontro a livello regionale tra i presidenti delle Port Authority liguri ed il governatore Burlando, con al centro le strategie della Regione per il sistema portuale della Liguria. &#8220;Questo anche in vista del ruolo cruciale della Conferenza Stato-Regioni &#8211; precisa Canavese -. Mi auguro che lo stesso Burlando possa assumerne la responsabilit\u00e0 in tema di portualit\u00e0 e grandi opere&#8221;.<\/p>\n<p>Commenti soft, invece,\u00a0sulle voci che parlano gi\u00e0 del suo successore, con in testa l&#8217;attuale assessore provinciale Paolo Marson e l&#8217;ex assessore regionale del Pd Carlo Ruggeri: &#8220;Sono due amici e due persone con cui lavoro con piacere e stima reciproca. Tuttavia, credo che sia molto presto per parlare del mio successore alla guida della Port Authority&#8230;&#8221;.<\/p>\n<p>E quanto ad un suo possibile e vociferato\u00a0ingresso in politica il presidente della Port Authority taglia corto, subito: &#8220;No, grazie&#8230;&#8221;. Ma \u00e8 alzando lo sguardo fuori dal suo ufficio \u00e8 sul Crescent completato che Canavese afferma: &#8220;Ora bisogna solo\u00a0farlo vivere, con negozi e attivit\u00e0. E&#8217; stata una riqualificazione straordinaria, e tra le opere di Bofil la mia preferita, perch\u00e8 sono di parte, \u00e8 naturalmente la stazione marittima&#8230;&#8221;.<\/p>\n<p>Altro punto toccato nell&#8217;intervista con il presidente della Port Authority savonese \u00e8 la tanto dibattuta autonomia dei porti, anche alla luce delle prese di posizione dell&#8217;intero sistema portuale ligure: &#8220;Che le risorse del gettito fiscale possano servire ad opere per lo sviluppo di un sistema portuale \u00e8 cosa giusta e da far applicare, i timori restano sulla possibile riproduzione degli effetti della legge 166, con lo spreco di risorse per\u00a0interventi inutili. Quindi, \u00e8 necessario definire bene i criteri applicativi dell&#8217;autonomia portuale&#8230;Inoltre, ritengo che serva una maggiore programmazione a livello nazionale, in quanto si progettano spesso grandi opere o piattaforma per le quali non ci sono le adeguate coperture del mercato&#8221;.<\/p>\n","protected":false},"excerpt":{"rendered":"<p>Savona.\u00a0&#8220;Credo che Claudio Burlando sia una persona molto competente in tema di porti e infrastrutture e questo fa ben sperare&#8221;. Cos\u00ec il presidente della Port Authority savonese inizia il lungo colloquio con le telecamere di IVG.it. Dopo un periodo di &#8220;silenzio&#8221; il presidente della Autorit\u00e0 portuale \u00e8 intervenuto prima sul caso degli esuberi Maersk, e [&hellip;]<\/p>\n","protected":false},"author":4,"featured_media":0,"comment_status":"open","ping_status":"closed","sticky":false,"template":"","format":"standard","meta":{"footnotes":""},"categories":[35],"tags":[1452,284,761,4355,5773,2088,3433,759,2999,760,85831,295,223,85850,5855],"class_list":["post-89634","post","type-post","status-publish","format-standard","hentry","category-economia","tag-canavese","tag-claudio-burlando","tag-conferenza","tag-crescent","tag-grandi-opere","tag-infrastrutture","tag-ivgit","tag-maersk","tag-paolo-marson","tag-piattaforma","tag-politica","tag-regione","tag-regione-liguria","tag-savona","tag-stato-regioni","post_cat_citta-savona","post_cat_citta-vado-ligure"],"amp_validity":null,"amp_enabled":true,"_links":{"self":[{"href":"https:\/\/staging.ivg.it\/ediapi\/wp\/v2\/posts\/89634","targetHints":{"allow":["GET"]}}],"collection":[{"href":"https:\/\/staging.ivg.it\/ediapi\/wp\/v2\/posts"}],"about":[{"href":"https:\/\/staging.ivg.it\/ediapi\/wp\/v2\/types\/post"}],"author":[{"embeddable":true,"href":"https:\/\/staging.ivg.it\/ediapi\/wp\/v2\/users\/4"}],"replies":[{"embeddable":true,"href":"https:\/\/staging.ivg.it\/ediapi\/wp\/v2\/comments?post=89634"}],"version-history":[{"count":0,"href":"https:\/\/staging.ivg.it\/ediapi\/wp\/v2\/posts\/89634\/revisions"}],"wp:attachment":[{"href":"https:\/\/staging.ivg.it\/ediapi\/wp\/v2\/media?parent=89634"}],"wp:term":[{"taxonomy":"category","embeddable":true,"href":"https:\/\/staging.ivg.it\/ediapi\/wp\/v2\/categories?post=89634"},{"taxonomy":"post_tag","embeddable":true,"href":"https:\/\/staging.ivg.it\/ediapi\/wp\/v2\/tags?post=89634"}],"curies":[{"name":"wp","href":"https:\/\/api.w.org\/{rel}","templated":true}]}}