{"id":89476,"date":"2010-05-17T11:23:54","date_gmt":"2010-05-17T09:23:54","guid":{"rendered":"http:\/\/www.ivg.it\/?p=89476"},"modified":"2010-05-17T11:23:54","modified_gmt":"2010-05-17T09:23:54","slug":"podismo-la-carica-dei-milleottocento-al-gambetta-primeggiano-bifulco-e-rivera","status":"publish","type":"post","link":"https:\/\/staging.ivg.it\/2010\/05\/podismo-la-carica-dei-milleottocento-al-gambetta-primeggiano-bifulco-e-rivera\/","title":{"rendered":"Podismo, la carica dei milleottocento al &#8220;Gambetta&#8221;: primeggiano Bifulco e Rivera"},"content":{"rendered":"<p><strong>Savona<\/strong>. Si \u00e8 tenuta ieri a Savona la 22\u00b0 edizione del &#8220;Memorial Nicola Gambetta&#8221;, manifestazione podistica organizzata dalla Polisportiva San Francesco con il patrocinio di Comune e Provincia di Savona e con la collaborazione della V Circoscrizione.<\/p>\n<p>La gara si \u00e8 confermata la corsa podistica non competitiva pi\u00f9 partecipata della Liguria: ieri mattina erano circa 1800 al via della gara, una partecipazione di massa che riesce a mettere insieme gli atleti che si contendono i record, le famiglie con passeggino al seguito, gli alunni delle scuole e persino gli ultraottantenni.<\/p>\n<p>La totalit\u00e0 delle quote di iscrizione i (nel 2009 sono stati raccolti 5.440 euro) \u00e8 stato devoluto all\u2019Associazione Savonese Contro Le Leucemie onlus, costituita nel dicembre del 1991 in ricordo di Nicola Gambetta e Nicoletta Botta due giovani savonesi morti a causa della leucemia; nelle diciotto edizioni precedenti complessivamente sono stati devoluti ben 49.348 euro. Lo scorso anno erano stati raccolti 5.440 euro, quest&#8217;anno \u00e8 stato raggiunto un nuovo massimo, circa 6.200 euro.<\/p>\n<p>Il successo assoluto \u00e8 andato a Andrea Bifulco che ha preceduto Alessio De Martino (Citt\u00e0 di Genova) e Mauro De Simone (Atletica Varazze), Tra le donne primo posto per Clara Rivera (Atletica Cairo) davanti a Susanna Scaramucci (Atletica Varazze) e Isabella Della Rosa (Podistica Savonese).<\/p>\n<p>Il premio alla societ\u00e0 con il maggior numero di iscritti \u00e8 andato all&#8217;Auser che ha presentato al via 188 concorrenti. A seguire l&#8217;Ata Amici della Montagna con 168, la Provincia di Savona con 74, Bitron alla Riscossa con 36, Confartigianato Savona con 33, Atletica Varazze con 27, Podistica Savonese, Gruppo Scout Savona X e Famiglia Fazzina con 26, Gruppo Azzurro e Aosta ma non Troppo con 25, Ctg Il Castellaro Albisola con 24 e via via tutti gli altri. Tra le scuole primato alle Medie Pertini con 83 partenti, seguite dalle Astengo Fornaci con 45.<\/p>\n<p>I concorrenti sono stati suddivisi in 7 classi di et\u00e0 maschili e altrettante femminili e i primi tre di ogni categoria hanno ricevuto un riconoscimento. Tra i maschi under 15 primo posto per Lorenzo Parodi davanti a Filippo Allegri e Mattia Braggio (Atletica Ceriale). Matteo Giraudo \u00e8 giunto primo nella classe 16 &#8211; 25 precedendo Victor Sansone e Andrea Santi. Successo per Marco Gandolfo (Costiglionese) tra i 26 &#8211; 35 anni su Luca Bruzzone (Provincia di Savona) e Marco Bonollo (Alba Docilia). Nella categoria 36 &#8211; 45 primo posto per Emiliano Dagnino (Atletica Varazze) davanti al compagno di societ\u00e0 Paolo Bassafontana e ad Antonio Tripaldi (APS). Pasquale De Martino (Citt\u00e0 di Genova) si \u00e8 aggiudicato la classe 46 &#8211; 55 precedendo Gaetano Zaccariello e Sergio Piombo, entrambi dell&#8217;Atletica Varazze. Tra i 56 &#8211; 65 primo posto per Ernesto Cucciola (Palextra) davanti a Giancarlo Guglielmetto (Podistica Savonese) e Tommaso Goglia (APS). Tra gli over 66 Leopoldo Sartirana (Atletica Varazze) ha preceduto Luciano Soffici (Podistica Savonese) e Lorenzo Malagamba (Atletica Cairo).<\/p>\n<p>In campo femminile Violante Surano (Alba Docilia) si \u00e8 imposta tra le under 15 precedendo Sara Ponzoni e Irene Josi. Successo di Olivia Stevanin (Palextra) nella categoria 16 &#8211; 25, davanti a Erica Zunino (Alba Docilia) e Giorgia Gnesin. Costanza Gnemmi ha primeggiato nella classe 26 &#8211; 35, davanti all&#8217;accoppiata della Podistica Savonese composta da Eleana Grisolia e Daniela Del Piazzo. L&#8217;atleta della Costiglionese Roberta Viarengo ha fatto sua la categoria 36 &#8211; 45 precedendo Sabrina Barbieri (Atletica Ceriale) e Silvia Siri (Atletica Varazze). Nella classe 46 &#8211; 55 primo posto per Auxilia Polizzi (Atletica Varazze) davanti a Maria Carla Giordano (Citt\u00e0 di Genova) e Antonella Fabiano (Scuola Danza Dany). Gabriella Martini ha prevalso nella categoria 56 &#8211; 65 su Lina Cenci (Atletica Varazze) e Silvia Metrucci (Palextra). Primo posto infine per Graziella Gatullo (Podistica Savonese) tra le over 66, davanti a Franca Carlerano e Dolcidia Ferro.<\/p>\n","protected":false},"excerpt":{"rendered":"<p>Savona. Si \u00e8 tenuta ieri a Savona la 22\u00b0 edizione del &#8220;Memorial Nicola Gambetta&#8221;, manifestazione podistica organizzata dalla Polisportiva San Francesco con il patrocinio di Comune e Provincia di Savona e con la collaborazione della V Circoscrizione. La gara si \u00e8 confermata la corsa podistica non competitiva pi\u00f9 partecipata della Liguria: ieri mattina erano circa [&hellip;]<\/p>\n","protected":false},"author":18,"featured_media":0,"comment_status":"open","ping_status":"closed","sticky":false,"template":"","format":"standard","meta":{"footnotes":""},"categories":[32],"tags":[345,16011,176,85850],"class_list":["post-89476","post","type-post","status-publish","format-standard","hentry","category-sport","tag-corsa","tag-memorial-nicola-gambetta","tag-podismo","tag-savona","post_cat_citta-savona"],"amp_validity":null,"amp_enabled":true,"_links":{"self":[{"href":"https:\/\/staging.ivg.it\/ediapi\/wp\/v2\/posts\/89476","targetHints":{"allow":["GET"]}}],"collection":[{"href":"https:\/\/staging.ivg.it\/ediapi\/wp\/v2\/posts"}],"about":[{"href":"https:\/\/staging.ivg.it\/ediapi\/wp\/v2\/types\/post"}],"author":[{"embeddable":true,"href":"https:\/\/staging.ivg.it\/ediapi\/wp\/v2\/users\/18"}],"replies":[{"embeddable":true,"href":"https:\/\/staging.ivg.it\/ediapi\/wp\/v2\/comments?post=89476"}],"version-history":[{"count":0,"href":"https:\/\/staging.ivg.it\/ediapi\/wp\/v2\/posts\/89476\/revisions"}],"wp:attachment":[{"href":"https:\/\/staging.ivg.it\/ediapi\/wp\/v2\/media?parent=89476"}],"wp:term":[{"taxonomy":"category","embeddable":true,"href":"https:\/\/staging.ivg.it\/ediapi\/wp\/v2\/categories?post=89476"},{"taxonomy":"post_tag","embeddable":true,"href":"https:\/\/staging.ivg.it\/ediapi\/wp\/v2\/tags?post=89476"}],"curies":[{"name":"wp","href":"https:\/\/api.w.org\/{rel}","templated":true}]}}