{"id":89471,"date":"2010-05-17T11:01:32","date_gmt":"2010-05-17T09:01:32","guid":{"rendered":"http:\/\/www.ivg.it\/?p=89471"},"modified":"2010-05-17T11:01:32","modified_gmt":"2010-05-17T09:01:32","slug":"provincia-e-camera-di-commercio-al-lavoro-per-il-il-piano-integrato-della-mobilita","status":"publish","type":"post","link":"https:\/\/staging.ivg.it\/2010\/05\/provincia-e-camera-di-commercio-al-lavoro-per-il-il-piano-integrato-della-mobilita\/","title":{"rendered":"Provincia e Camera di Commercio al lavoro per il &#8220;Il Piano Integrato della Mobilit\u00e0&#8221;"},"content":{"rendered":"<p><strong>Savona<\/strong>. La Provincia e la Camera di Commercio Industria ed Artigianato di Savona hanno sottoscritto un Protocollo di Intesa per la redazione del Piano Integrato della Mobilit\u00e0 (PIM). I due Enti, per presentare gli scenari, gli obiettivi ed i progetti contenuti nel PIM sui temi della sostenibilit\u00e0 ambientale e della sicurezza dei trasporti, della viabilit\u00e0 ed accessibilit\u00e0, della portualit\u00e0 e della logistica, del trasporto aereo, della mobilit\u00e0 lenta e della mobilit\u00e0 urbana, hanno organizzato un convegno.<\/p>\n<p>L&#8217;evento, intitolato &#8220;Il Piano Integrato della Mobilit\u00e0 \u2013 Nuovi scenari e progetti per la Provincia di Savona&#8221;, si terr\u00e0 venerd\u00ec 21 maggio, dalle 8,30, presso la Camera di Commercio di Savona.<\/p>\n","protected":false},"excerpt":{"rendered":"<p>Savona. La Provincia e la Camera di Commercio Industria ed Artigianato di Savona hanno sottoscritto un Protocollo di Intesa per la redazione del Piano Integrato della Mobilit\u00e0 (PIM). I due Enti, per presentare gli scenari, gli obiettivi ed i progetti contenuti nel PIM sui temi della sostenibilit\u00e0 ambientale e della sicurezza dei trasporti, della viabilit\u00e0 [&hellip;]<\/p>\n","protected":false},"author":5,"featured_media":0,"comment_status":"open","ping_status":"closed","sticky":false,"template":"","format":"standard","meta":{"footnotes":""},"categories":[34],"tags":[174,876,375,85850],"class_list":["post-89471","post","type-post","status-publish","format-standard","hentry","category-cronaca","tag-camera-commercio","tag-convegno","tag-provincia","tag-savona","post_cat_citta-savona"],"amp_validity":null,"amp_enabled":true,"_links":{"self":[{"href":"https:\/\/staging.ivg.it\/ediapi\/wp\/v2\/posts\/89471","targetHints":{"allow":["GET"]}}],"collection":[{"href":"https:\/\/staging.ivg.it\/ediapi\/wp\/v2\/posts"}],"about":[{"href":"https:\/\/staging.ivg.it\/ediapi\/wp\/v2\/types\/post"}],"author":[{"embeddable":true,"href":"https:\/\/staging.ivg.it\/ediapi\/wp\/v2\/users\/5"}],"replies":[{"embeddable":true,"href":"https:\/\/staging.ivg.it\/ediapi\/wp\/v2\/comments?post=89471"}],"version-history":[{"count":0,"href":"https:\/\/staging.ivg.it\/ediapi\/wp\/v2\/posts\/89471\/revisions"}],"wp:attachment":[{"href":"https:\/\/staging.ivg.it\/ediapi\/wp\/v2\/media?parent=89471"}],"wp:term":[{"taxonomy":"category","embeddable":true,"href":"https:\/\/staging.ivg.it\/ediapi\/wp\/v2\/categories?post=89471"},{"taxonomy":"post_tag","embeddable":true,"href":"https:\/\/staging.ivg.it\/ediapi\/wp\/v2\/tags?post=89471"}],"curies":[{"name":"wp","href":"https:\/\/api.w.org\/{rel}","templated":true}]}}