{"id":89391,"date":"2010-05-15T14:14:45","date_gmt":"2010-05-15T12:14:45","guid":{"rendered":"http:\/\/www.ivg.it\/?p=89391"},"modified":"2010-05-16T17:53:38","modified_gmt":"2010-05-16T15:53:38","slug":"pietra-gita-premio-per-gli-alunni-della-citta-gemellata-di-offenburg","status":"publish","type":"post","link":"https:\/\/staging.ivg.it\/2010\/05\/pietra-gita-premio-per-gli-alunni-della-citta-gemellata-di-offenburg\/","title":{"rendered":"Pietra, gita-premio per gli alunni della citt\u00e0 gemellata di Offenburg"},"content":{"rendered":"<p><strong>Pietra L.<\/strong> Arriveranno luned\u00ec 17 maggio in gita premio a Pietra Ligure, dove rimarranno fino a gioved\u00ec prossimo, 20 alunni e relativi insegnanti, Angela Patan\u00e8 e Sabine Hoert, della classe\u00a0 4\u00b0 elementare della Georg-Monsch-Schule di Offenburg, citt\u00e0 tedesca gemellata con la cittadina pietrese. L&#8217;iniziativa rientra nel programma di interscambio culturale-scolastico tra le due citt\u00e0.<\/p>\n<p>Chiudendo quest\u2019anno il ciclo delle elementari (dato il loro diverso sistema scolastico), e dopo aver frequentato per i due anni precedenti il corso di lingua italiana, sponsorizzato peraltro dal Consolato Italiano a Friburgo, gli alunni tedeschi metteranno in pratica quanto appreso sui banchi di scuola. Soggiorneranno presso la struttura idonea alle scolaresche, \u201cCitt\u00e0 di Milano\u201d.<\/p>\n<p>Il programma prevede, alla mattina, la frequentazione delle classe 4\u00b0 (per un programma in comune di lezione) della scuola elementare &#8220;G. Sordo&#8221; di via della Cornice mentre, nel pomeriggio, \u00e8 prevista una visita della citt\u00e0 e giochi in spiaggia.<\/p>\n<p>Marted\u00ec pomeriggio andranno invece in visita alle grotte di Borgio Verezzi (ingresso offerto dalla Pubblica Assistenza di Pietra Ligure), nel tardo pomeriggio giro a Pietra Ligure, e alle ore 21.00 ritrovo per tutti (genitori e bambini) in piazza S. Nicol\u00f2; dopo un saluto del sindaco Luigi De Vincenzi ai piccoli ospiti, i ragazzi che partecipano al corso di giocoleria delle Scuole Medie di Pietra L., capitanati dall\u2019instancabile Prof. Malatesta, si esibiranno coinvolgendo anche i pi\u00f9 piccoli nel loro spettacolo. Al termine, tutti a mangiare un gustoso gelato, offerto per l\u2019occasione, da \u201cI peccati di gola, l\u2019originale\u201d.<\/p>\n<p>Gioved\u00ec, dopo colazione e aver sistemato i bagagli sul Bus, un ultimo saluto a Pietra L. e ai Bimbi della 4\u00b0 elementare, prima di fare ritorno in Offenburg.<\/p>\n<p>&#8220;E&#8217; stata concessa al Comitato del Gemellaggio con Offenburg, una bacheca in Via Garibaldi, dove \u00e8 possibile visionare tutte le iniziative e programmi a riguardo&#8221; spiega il presidente del Comitato Silvano Ferrua.<\/p>\n","protected":false},"excerpt":{"rendered":"<p>Pietra L. Arriveranno luned\u00ec 17 maggio in gita premio a Pietra Ligure, dove rimarranno fino a gioved\u00ec prossimo, 20 alunni e relativi insegnanti, Angela Patan\u00e8 e Sabine Hoert, della classe\u00a0 4\u00b0 elementare della Georg-Monsch-Schule di Offenburg, citt\u00e0 tedesca gemellata con la cittadina pietrese. L&#8217;iniziativa rientra nel programma di interscambio culturale-scolastico tra le due citt\u00e0. Chiudendo [&hellip;]<\/p>\n","protected":false},"author":13744,"featured_media":0,"comment_status":"open","ping_status":"closed","sticky":false,"template":"","format":"standard","meta":{"footnotes":""},"categories":[],"tags":[335,85884,1307,8081,13644,85830,2938,18418,110],"class_list":["post-89391","post","type-post","status-publish","format-standard","hentry","tag-bambini","tag-borgio-verezzi","tag-luigi-de-vincenzi","tag-offenburg","tag-peccati-di-gola","tag-pietra-ligure","tag-pubblica-assistenza","tag-sistema-scolastico","tag-spettacolo","post_cat_citta-andora","post_cat_citta-pietra-ligure"],"amp_validity":null,"amp_enabled":true,"_links":{"self":[{"href":"https:\/\/staging.ivg.it\/ediapi\/wp\/v2\/posts\/89391","targetHints":{"allow":["GET"]}}],"collection":[{"href":"https:\/\/staging.ivg.it\/ediapi\/wp\/v2\/posts"}],"about":[{"href":"https:\/\/staging.ivg.it\/ediapi\/wp\/v2\/types\/post"}],"author":[{"embeddable":true,"href":"https:\/\/staging.ivg.it\/ediapi\/wp\/v2\/users\/13744"}],"replies":[{"embeddable":true,"href":"https:\/\/staging.ivg.it\/ediapi\/wp\/v2\/comments?post=89391"}],"version-history":[{"count":0,"href":"https:\/\/staging.ivg.it\/ediapi\/wp\/v2\/posts\/89391\/revisions"}],"wp:attachment":[{"href":"https:\/\/staging.ivg.it\/ediapi\/wp\/v2\/media?parent=89391"}],"wp:term":[{"taxonomy":"category","embeddable":true,"href":"https:\/\/staging.ivg.it\/ediapi\/wp\/v2\/categories?post=89391"},{"taxonomy":"post_tag","embeddable":true,"href":"https:\/\/staging.ivg.it\/ediapi\/wp\/v2\/tags?post=89391"}],"curies":[{"name":"wp","href":"https:\/\/api.w.org\/{rel}","templated":true}]}}