{"id":89166,"date":"2010-05-13T11:23:30","date_gmt":"2010-05-13T09:23:30","guid":{"rendered":"http:\/\/www.ivg.it\/?p=89166"},"modified":"2010-05-13T11:36:54","modified_gmt":"2010-05-13T09:36:54","slug":"albenga-presenta-il-campo-solare-estivo","status":"publish","type":"post","link":"https:\/\/staging.ivg.it\/2010\/05\/albenga-presenta-il-campo-solare-estivo\/","title":{"rendered":"Albenga presenta il campo solare estivo"},"content":{"rendered":"<p><strong>Albenga.<\/strong> &#8220;&#8216;Una vacanza in citt\u00e0&#8221;. \u00c8 questo l&#8217;obiettivo del &#8216;campo solare che l&#8217;Assessorato ai Servizi Sociali del Comune di Albenga ha organizzato per il prossimo periodo estivo, compreso tra il 1\u00b0 luglio e il 31 agosto. 130 posti a luglio, 120 posti ad agosto, disponibili secondo una graduatoria con alcune priorit\u00e0 di punteggio. Un servizio rivolto ai bambini, dai quattro ai tredici anni. Due turni mensili, per sostenere le famiglie nella gestione delle attivit\u00e0 dei propri figli, nel periodo di chiusura delle scuole dell&#8217;infanzia, primarie e secondarie. Un&#8217;esperienza ricreativa di grande socializzazione, dal luned\u00ec al venerd\u00ec, dalle ore 8 alle ore 17, per tutti i partecipanti.<\/p>\n<p>&#8220;Qualora le iscrizioni superassero i posti disponibili &#8211; afferma l&#8217;assessore ai servizi sociali Eraldo Ciangherotti &#8211; verr\u00e0 redatta apposita graduatoria. Quest&#8217;anno, infatti, per la prima volta, verranno riconosciuti prioritari, per l&#8217;accesso al servizio, i punteggi per i figli con entrambi i genitori lavoratori, che dimostrino attestato di occupazione sia per tutto l&#8217;anno (8 punti), sia per la stagione estiva (12 punti) . E, allo stesso modo, verr\u00e0 anche data precendenza al genitore unico, che lavori annualmente (10 punti) o stagionalmente (14 punti). Avranno precedenza, prima di tutto, i residenti nella citt\u00e0 di Albenga. Prezzo del servizio, in caso di tariffa massima, 350 euro al mese&#8221;.<\/p>\n<p>&#8220;I moduli per l&#8217;iscrizione potranno essere ritirati all&#8217;Ufficio comunale delle Politiche Sociali, in Viale Martiri della Libert\u00e0, n. 1 al 2\u00b0 piano, tutti i giorni, al mattino, dal luned\u00ec al venerd\u00ec, dalle ore 9.00 alle ore 13.00 e al pomeriggio, il marted\u00ec e il gioved\u00ec,\u00a0 dalle ore 15.30 alle ore 17.30. Le domande poi dovranno essere riconsegnate entro le ore 12.30 del giorno 18 giugno, all\u2019Ufficio Protocollo del Comune di Albenga, in Piazza San Michele, unitamente all\u2019attestazione ISEE (in corso di validit\u00e0)&#8221;, conclude l&#8217;assessore Ciangherotti.<\/p>\n","protected":false},"excerpt":{"rendered":"<p>Albenga. &#8220;&#8216;Una vacanza in citt\u00e0&#8221;. \u00c8 questo l&#8217;obiettivo del &#8216;campo solare che l&#8217;Assessorato ai Servizi Sociali del Comune di Albenga ha organizzato per il prossimo periodo estivo, compreso tra il 1\u00b0 luglio e il 31 agosto. 130 posti a luglio, 120 posti ad agosto, disponibili secondo una graduatoria con alcune priorit\u00e0 di punteggio. Un servizio [&hellip;]<\/p>\n","protected":false},"author":13744,"featured_media":0,"comment_status":"open","ping_status":"closed","sticky":false,"template":"","format":"standard","meta":{"footnotes":""},"categories":[],"tags":[938,1024,1238,655,1013,542,1535],"class_list":["post-89166","post","type-post","status-publish","format-standard","hentry","tag-campo-solare","tag-ciangherotti","tag-eraldo-ciangherotti","tag-infanzia","tag-occupazione","tag-primarie","tag-san-michele","post_cat_citta-albenga","post_cat_citta-andora"],"amp_validity":null,"amp_enabled":true,"_links":{"self":[{"href":"https:\/\/staging.ivg.it\/ediapi\/wp\/v2\/posts\/89166","targetHints":{"allow":["GET"]}}],"collection":[{"href":"https:\/\/staging.ivg.it\/ediapi\/wp\/v2\/posts"}],"about":[{"href":"https:\/\/staging.ivg.it\/ediapi\/wp\/v2\/types\/post"}],"author":[{"embeddable":true,"href":"https:\/\/staging.ivg.it\/ediapi\/wp\/v2\/users\/13744"}],"replies":[{"embeddable":true,"href":"https:\/\/staging.ivg.it\/ediapi\/wp\/v2\/comments?post=89166"}],"version-history":[{"count":0,"href":"https:\/\/staging.ivg.it\/ediapi\/wp\/v2\/posts\/89166\/revisions"}],"wp:attachment":[{"href":"https:\/\/staging.ivg.it\/ediapi\/wp\/v2\/media?parent=89166"}],"wp:term":[{"taxonomy":"category","embeddable":true,"href":"https:\/\/staging.ivg.it\/ediapi\/wp\/v2\/categories?post=89166"},{"taxonomy":"post_tag","embeddable":true,"href":"https:\/\/staging.ivg.it\/ediapi\/wp\/v2\/tags?post=89166"}],"curies":[{"name":"wp","href":"https:\/\/api.w.org\/{rel}","templated":true}]}}