{"id":88967,"date":"2010-05-11T10:49:10","date_gmt":"2010-05-11T08:49:10","guid":{"rendered":"http:\/\/www.ivg.it\/?p=88967"},"modified":"2010-05-11T15:20:40","modified_gmt":"2010-05-11T13:20:40","slug":"la-nube-islandese-invadera-il-cielo-di-liguria-entro-le-ore-14","status":"publish","type":"post","link":"https:\/\/staging.ivg.it\/2010\/05\/la-nube-islandese-invadera-il-cielo-di-liguria-entro-le-ore-14\/","title":{"rendered":"La nube islandese &#8220;invader\u00e0&#8221; il cielo di Liguria entro le ore 14"},"content":{"rendered":"<p>La nube di ceneri derivante dall&#8217;attivit\u00e0 del vulcano islandese, proveniente da Sud Ovest, &#8220;invader\u00e0 il Mediterraneo occidentale fino alla Sardegna ed alla Corsica, e coprir\u00e0, inoltre, anche il Piemonte, la Liguria e gran parte della Lombardia, entro le ore 14 di oggi&#8221;. Lo annuncia il climatologo dell&#8217;Enea Vincenzo Ferrara, sulla base di una nuova analisi e previsioni del Vaac (Volcanic Ash Advisory Centres).<\/p>\n<p>&#8220;Poi, entro le ore 20 di oggi &#8211; stima ancora il climatologo dell&#8217;Enea &#8211; la nube di ceneri vulcaniche si estender\u00e0 su parte del Veneto, sull&#8217;Emilia Romagna, sulla Toscana e sull&#8217;alto Lazio ed, infine, entro la tarda notte tra oggi e domani coprir\u00e0 tutta l&#8217;Italia settentrionale e centrale, escluso il Molise&#8221;. Tutto ci\u00f2, precisa poi Ferrara, \u00e8 riferito alla parte pi\u00f9 bassa della nube (quella al di sotto dei 6000-6500 metri di quota), che, per\u00f2, \u00e8 quella che presenta maggiori rischi per la navigazione aerea.<\/p>\n<p>La parte ad alta quota della nube (quella al di sopra dei 6000 metri circa), meno problematica per la navigazione aerea, &#8220;\u00e9 gi\u00e0 arrivata nella repubblica Ceca ed in Polonia ed invader\u00e0 &#8211; conclude Ferrara &#8211; nella giornata di oggi anche tutti i Paesi baltici fino a toccare la Finlandia&#8221;.<\/p>\n","protected":false},"excerpt":{"rendered":"<p>La nube di ceneri derivante dall&#8217;attivit\u00e0 del vulcano islandese, proveniente da Sud Ovest, &#8220;invader\u00e0 il Mediterraneo occidentale fino alla Sardegna ed alla Corsica, e coprir\u00e0, inoltre, anche il Piemonte, la Liguria e gran parte della Lombardia, entro le ore 14 di oggi&#8221;. Lo annuncia il climatologo dell&#8217;Enea Vincenzo Ferrara, sulla base di una nuova analisi [&hellip;]<\/p>\n","protected":false},"author":13744,"featured_media":0,"comment_status":"open","ping_status":"closed","sticky":false,"template":"","format":"standard","meta":{"footnotes":""},"categories":[],"tags":[801,7589,21722,393,21691],"class_list":["post-88967","post","type-post","status-publish","format-standard","hentry","tag-aerei","tag-cielo","tag-islanda","tag-liguria","tag-vulcano"],"amp_validity":null,"amp_enabled":true,"_links":{"self":[{"href":"https:\/\/staging.ivg.it\/ediapi\/wp\/v2\/posts\/88967","targetHints":{"allow":["GET"]}}],"collection":[{"href":"https:\/\/staging.ivg.it\/ediapi\/wp\/v2\/posts"}],"about":[{"href":"https:\/\/staging.ivg.it\/ediapi\/wp\/v2\/types\/post"}],"author":[{"embeddable":true,"href":"https:\/\/staging.ivg.it\/ediapi\/wp\/v2\/users\/13744"}],"replies":[{"embeddable":true,"href":"https:\/\/staging.ivg.it\/ediapi\/wp\/v2\/comments?post=88967"}],"version-history":[{"count":0,"href":"https:\/\/staging.ivg.it\/ediapi\/wp\/v2\/posts\/88967\/revisions"}],"wp:attachment":[{"href":"https:\/\/staging.ivg.it\/ediapi\/wp\/v2\/media?parent=88967"}],"wp:term":[{"taxonomy":"category","embeddable":true,"href":"https:\/\/staging.ivg.it\/ediapi\/wp\/v2\/categories?post=88967"},{"taxonomy":"post_tag","embeddable":true,"href":"https:\/\/staging.ivg.it\/ediapi\/wp\/v2\/tags?post=88967"}],"curies":[{"name":"wp","href":"https:\/\/api.w.org\/{rel}","templated":true}]}}