{"id":88749,"date":"2010-05-08T12:06:18","date_gmt":"2010-05-08T10:06:18","guid":{"rendered":"http:\/\/www.ivg.it\/?p=88749"},"modified":"2010-05-08T14:10:36","modified_gmt":"2010-05-08T12:10:36","slug":"187-iscritti-per-il-trofeo-citta-di-loano-al-via-domani","status":"publish","type":"post","link":"https:\/\/staging.ivg.it\/2010\/05\/187-iscritti-per-il-trofeo-citta-di-loano-al-via-domani\/","title":{"rendered":"187 iscritti per il &#8220;Trofeo Citt\u00e0 di Loano&#8221; al via domani"},"content":{"rendered":"<p><strong>Loano<\/strong>. E&#8217; solo questione di ore e la 39^ edizione del Trofeo Citt\u00e0 di Loano sar\u00e0 finalmente realt\u00e0: &#8220;Ci arriviamo al termine di una maratona organizzativa di diverse settimane ma possiamo dire che tutto \u00e8 pronto&#8221; conferma il direttore di organizzazione Domenico Anselmo &#8220;La lista degli iscritti comprende 187 atleti che andranno a comporre un gruppo di altissima qualit\u00e0, il percorso \u00e8 stato preparato nei minimi dettagli, con l&#8217;aiuto del sole domani sar\u00e0 una grande festa del ciclismo&#8221;.<\/p>\n<p>Una festa, quella che si concluder\u00e0 sul lungomare loanese, che inizier\u00e0 fin da questa sera con la serata di gala allestita dagli organizzatori per ospiti e addetti ai lavori giunti in provincia di Savona per seguire da vicino le gesta dei giovani talenti del pedale internazionale. &#8220;Poter ospitare questa manifestazione a Loano nella giornata nazionale della bicicletta \u00e8 per noi un onore&#8221; ha sottolineato il primo cittadino loanese, nonch\u00e8 presidente della provincia di Savona, Angelo Vaccarezza &#8220;Sono poche le citt\u00e0 in Italia che possono vantare una manifestazione internazionale di questo tipo, avere la possibilit\u00e0 di far arrivare gli atleti sul lungomare di domenica pomeriggio, quando \u00e8 popolato di famiglie, sar\u00e0 la pubblicit\u00e0 pi\u00f9 bella per il mondo delle due ruote.&#8221;<\/p>\n<p>Molti gli interpreti d&#8217;eccezione inseriti nella lista degli iscritti dal pool organizzatore diretto dall&#8217;esperto Carlo Anselmo, tra loro spiccano i nomi del campione europeo in carica, Luca Wackermann (Biringhello) che si presenter\u00e0 al via con il numero 1 conquistato lo scorso anno sul traguardo di Loano. Il dorsale numero 15 contraddistinguer\u00e0 il giovane Niccolo Bonifazio (Casano) che insieme a Luca Cappelli (n\u00b0 21, maglia Big Hunter) vestiranno i panni dei beniamini del pubblico locale.<\/p>\n<p>Da tenere d&#8217;occhio anche il numero 33, che sar\u00e0 indossato dalla freccia del sud Michele Viola (Farnese Vini); agguerriti per la vittoria finale saranno anche Alessandro Ballabio (Canturino), Adriano Lenti (Ciclimontanini) e Fabio Todaro (Gb Junior Team).<\/p>\n<p>Nel giorno in cui si correr\u00e0 la prima tappa in linea del Giro d&#8217;Italia, a Loano sar\u00e0 in gara anche Antonio Nibali (Stabbia) fratello del pi\u00f9 famoso Vincenzo, alfiere della Liquigas impegnato nella corsa rosa; altri due coppie di fratelli da controllare saranno quelle composte da Simone e Luca Sterbini (Guazzolini Coratti) e Mirko e Michael Guastini (Habisol).<\/p>\n<p>Non saranno in liguria per una gita nemmeno Francesco Bonistalli (Habisol) e Andrea Manfredi (Ambra Cavallini), deciso a riscattare il secondo posto ottenuto al Giro delle Province Toscane non pi\u00f9 tardi di una settimana fa; due formazioni molto competitive saranno schierate anche dalle lombarde Team Giorgi e Trissa Team.<\/p>\n","protected":false},"excerpt":{"rendered":"<p>Loano. E&#8217; solo questione di ore e la 39^ edizione del Trofeo Citt\u00e0 di Loano sar\u00e0 finalmente realt\u00e0: &#8220;Ci arriviamo al termine di una maratona organizzativa di diverse settimane ma possiamo dire che tutto \u00e8 pronto&#8221; conferma il direttore di organizzazione Domenico Anselmo &#8220;La lista degli iscritti comprende 187 atleti che andranno a comporre un [&hellip;]<\/p>\n","protected":false},"author":13744,"featured_media":0,"comment_status":"open","ping_status":"closed","sticky":false,"template":"","format":"standard","meta":{"footnotes":""},"categories":[32],"tags":[2317,344,952,515,5063,85827,4614,5383],"class_list":["post-88749","post","type-post","status-publish","format-standard","hentry","category-sport","tag-angelo-vaccarezza","tag-atleti","tag-bicicletta","tag-ciclismo","tag-gala","tag-loano","tag-manifestazione-sportiva","tag-trofeo-citta-di-loano","post_cat_citta-loano"],"amp_validity":null,"amp_enabled":true,"_links":{"self":[{"href":"https:\/\/staging.ivg.it\/ediapi\/wp\/v2\/posts\/88749","targetHints":{"allow":["GET"]}}],"collection":[{"href":"https:\/\/staging.ivg.it\/ediapi\/wp\/v2\/posts"}],"about":[{"href":"https:\/\/staging.ivg.it\/ediapi\/wp\/v2\/types\/post"}],"author":[{"embeddable":true,"href":"https:\/\/staging.ivg.it\/ediapi\/wp\/v2\/users\/13744"}],"replies":[{"embeddable":true,"href":"https:\/\/staging.ivg.it\/ediapi\/wp\/v2\/comments?post=88749"}],"version-history":[{"count":0,"href":"https:\/\/staging.ivg.it\/ediapi\/wp\/v2\/posts\/88749\/revisions"}],"wp:attachment":[{"href":"https:\/\/staging.ivg.it\/ediapi\/wp\/v2\/media?parent=88749"}],"wp:term":[{"taxonomy":"category","embeddable":true,"href":"https:\/\/staging.ivg.it\/ediapi\/wp\/v2\/categories?post=88749"},{"taxonomy":"post_tag","embeddable":true,"href":"https:\/\/staging.ivg.it\/ediapi\/wp\/v2\/tags?post=88749"}],"curies":[{"name":"wp","href":"https:\/\/api.w.org\/{rel}","templated":true}]}}