{"id":88325,"date":"2010-05-03T13:11:31","date_gmt":"2010-05-03T11:11:31","guid":{"rendered":"http:\/\/www.ivg.it\/?p=88325"},"modified":"2010-05-03T18:50:24","modified_gmt":"2010-05-03T16:50:24","slug":"calcio-festa-del-savona-sulla-costa-pacifica-parla-zirilli","status":"publish","type":"post","link":"https:\/\/staging.ivg.it\/2010\/05\/calcio-festa-del-savona-sulla-costa-pacifica-parla-zirilli\/","title":{"rendered":"Calcio, festa del Savona sulla Costa Pacifica: parla Zirilli"},"content":{"rendered":"<p><strong>Savona<\/strong>. Dopo tanti anni di delusioni il Savona Fbc vive finalmente una stagione di trionfi e lo fa in grade stile, alternando risultati da record sul campo ad occasioni celebrative insieme ad autorit\u00e0 e tifoseria.<\/p>\n<p>Questa mattina dirigenti e calciatori della societ\u00e0 biancoblu hanno festeggiato a bordo della Costa Pacifica, la pi\u00f9 grande nave passeggeri battente bandiera italiana. In questa giornata di svago gli striscioni hanno potuto apprezzare le novit\u00e0 proposte dalla flotta: un\u2019area benessere di oltre 6.000 m\u00b2, un vero simulatore di auto da Gran Premio e novit\u00e0 come il Playstation World, un\u2019area attrezzata esclusivamente con Playstation 3 e una vera e propria sala d\u2019incisione musicale.<\/p>\n<p>I giocatori e i dirigenti del team savonese sono ancora a bordo con famiglie al seguito per godersi il meritato relax sulla comoda imbarcazione e vi resteranno fino a met\u00e0 pomeriggio. Questa speciale giornata \u00e8 stata organizzata per Ponzo e compagni grazie al presidente Andrea Pesce e a Enzo Grenno, ex numero uno del Savona e attuale presidente dell\u2019Associazione Chicci di Riso Onlus, da sempre vicino ai biancoblu.<\/p>\n<p>A margine della festa \u00e8 il capocannoniere della capolista, Alessandro Zirilli, a riassumere la stagione, trionfale sia per la sua squadra che a livello personale. &#8220;Per me \u00e8 stata un&#8217;annata esaltante, sedici reti realizzate sono un gran bel bottino&#8221;. Riguardo al futuro, il bomber \u00e8 cauto: &#8220;Mi auguro di rimanere qui e fare un&#8217;ottima stagione anche in Seconda Divisione. Pi\u00f9 difficile sar\u00e0 segnare e fare bene come quest&#8217;anno. Vedremo, certamente dar\u00f2 il massimo&#8221;.<\/p>\n<p>Per quanto concerne la squadra, Zirilli individua la chiave del successo: &#8220;Il gioco \u00e8 stata la nostra arma vincente: abbiamo messo in mostra una manovra offensiva che ci ha permesso di arrivare a questi risultati e fare tante reti. Per il prossimo anno, a mio parere, servono pochi ritocchi e innesti. Ritengo che questa squadra sia molto competitiva &#8211; conclude l&#8217;attaccante &#8211; e basta veramente poco per renderla forte anche per la prossima stagione&#8221;.<\/p>\n","protected":false},"excerpt":{"rendered":"<p>Savona. Dopo tanti anni di delusioni il Savona Fbc vive finalmente una stagione di trionfi e lo fa in grade stile, alternando risultati da record sul campo ad occasioni celebrative insieme ad autorit\u00e0 e tifoseria. Questa mattina dirigenti e calciatori della societ\u00e0 biancoblu hanno festeggiato a bordo della Costa Pacifica, la pi\u00f9 grande nave passeggeri [&hellip;]<\/p>\n","protected":false},"author":13744,"featured_media":0,"comment_status":"open","ping_status":"closed","sticky":false,"template":"","format":"standard","meta":{"footnotes":""},"categories":[32],"tags":[85989,412,1062,4498,697,375,730,85850,9655,19577],"class_list":["post-88325","post","type-post","status-publish","format-standard","hentry","category-sport","tag-calcio","tag-costa-crociere","tag-federico-berruti","tag-passeggeri","tag-premio","tag-provincia","tag-ristorante","tag-savona","tag-savona-fbc","tag-sindaco-di-savona","post_cat_citta-savona"],"amp_validity":null,"amp_enabled":true,"_links":{"self":[{"href":"https:\/\/staging.ivg.it\/ediapi\/wp\/v2\/posts\/88325","targetHints":{"allow":["GET"]}}],"collection":[{"href":"https:\/\/staging.ivg.it\/ediapi\/wp\/v2\/posts"}],"about":[{"href":"https:\/\/staging.ivg.it\/ediapi\/wp\/v2\/types\/post"}],"author":[{"embeddable":true,"href":"https:\/\/staging.ivg.it\/ediapi\/wp\/v2\/users\/13744"}],"replies":[{"embeddable":true,"href":"https:\/\/staging.ivg.it\/ediapi\/wp\/v2\/comments?post=88325"}],"version-history":[{"count":0,"href":"https:\/\/staging.ivg.it\/ediapi\/wp\/v2\/posts\/88325\/revisions"}],"wp:attachment":[{"href":"https:\/\/staging.ivg.it\/ediapi\/wp\/v2\/media?parent=88325"}],"wp:term":[{"taxonomy":"category","embeddable":true,"href":"https:\/\/staging.ivg.it\/ediapi\/wp\/v2\/categories?post=88325"},{"taxonomy":"post_tag","embeddable":true,"href":"https:\/\/staging.ivg.it\/ediapi\/wp\/v2\/tags?post=88325"}],"curies":[{"name":"wp","href":"https:\/\/api.w.org\/{rel}","templated":true}]}}