{"id":88065,"date":"2010-04-29T10:22:58","date_gmt":"2010-04-29T08:22:58","guid":{"rendered":"http:\/\/www.ivg.it\/?p=88065"},"modified":"2010-04-29T10:22:58","modified_gmt":"2010-04-29T08:22:58","slug":"savona-il-2-maggio-la-pasqua-dello-sportivo","status":"publish","type":"post","link":"https:\/\/staging.ivg.it\/2010\/04\/savona-il-2-maggio-la-pasqua-dello-sportivo\/","title":{"rendered":"Savona: il 2 maggio la &#8220;Pasqua dello sportivo&#8221;"},"content":{"rendered":"<p><strong>Savona<\/strong>. &#8220;Pasqua dello sportivo&#8221;, domenica 2 maggio, presso la Parrocchia di San Paolo, in corso Tardy e Benech a Savona. La organizzano il Comitato territoriale Csi di Savona-Albenga, la Parrocchia e la societ\u00e0 sportiva Sampor.<\/p>\n<p>Sar\u00e0 una giornata di giochi nello spirito del &#8220;Giocasport&#8221;: al mattino (inizio ore 9,30) protagonisti saranno i ragazzi della Parrocchia; al pomeriggio (dalle 14,30) toccher\u00e0 invece agli iscritti ai centri che il Csi ha portato avanti dal mese di ottobre ai giorni scorsi nella scuola materna Munari e nelle scuole primarie di Savona (Mameli), Quiliano, Valleggia e Spotorno.<\/p>\n<p>In programma, un torneo di palla-capitano, a cui parteciperanno, con i ragazzi anche i loro genitori, \u201cin un coinvolgimento diretto \u2013 spiegano i responsabili dell\u2019Ente di promozione che ha sede in via dei Mille \u2013 che \u00e8 e vuole essere ancor pi\u00f9 in futuro una delle esperienze chiave del fare sport all\u2019interno del Centro Sportivo Italiano\u201d. La Messa nella parrocchia di San Paolo alle 11 e un momento associativo, alle ore 12, saranno l\u2019ideale completamento di un appuntamento, la &#8220;Pasqua dello Sportivo&#8221;, che \u00e8 una delle iniziative pi\u00f9 tradizionali e sentite nell\u2019attivit\u00e0 del Csi.<br \/>\nPer i ragazzi delle scuole savonesi (e i loro genitori) l\u2019iniziativa una stagione di attivit\u00e0, consente di tirare le somme su ci\u00f2 che \u00e8 stato realizzato sotto la guida degli istruttori-animatori del Csi e lancia l\u2019attivit\u00e0 futura, che sar\u00e0 ricca di proposte, a partire dagli appuntamenti di maggio (\u201cDomeniche in piazza\u201d, il 16 maggio) e dal centro estivo ragazzi (Csi Sport Village) che aprir\u00e0 a giugno nei locali della Scuola Colombo di via Caboto, nella palestra della Scuola Pertini e sulla spiaggia dei bagni Torino di corso Vittorio Veneto.<\/p>\n","protected":false},"excerpt":{"rendered":"<p>Savona. &#8220;Pasqua dello sportivo&#8221;, domenica 2 maggio, presso la Parrocchia di San Paolo, in corso Tardy e Benech a Savona. La organizzano il Comitato territoriale Csi di Savona-Albenga, la Parrocchia e la societ\u00e0 sportiva Sampor. Sar\u00e0 una giornata di giochi nello spirito del &#8220;Giocasport&#8221;: al mattino (inizio ore 9,30) protagonisti saranno i ragazzi della Parrocchia; [&hellip;]<\/p>\n","protected":false},"author":13744,"featured_media":0,"comment_status":"open","ping_status":"closed","sticky":false,"template":"","format":"standard","meta":{"footnotes":""},"categories":[32],"tags":[85850,689,85834],"class_list":["post-88065","post","type-post","status-publish","format-standard","hentry","category-sport","tag-savona","tag-scuole","tag-sport","post_cat_citta-savona"],"amp_validity":null,"amp_enabled":true,"_links":{"self":[{"href":"https:\/\/staging.ivg.it\/ediapi\/wp\/v2\/posts\/88065","targetHints":{"allow":["GET"]}}],"collection":[{"href":"https:\/\/staging.ivg.it\/ediapi\/wp\/v2\/posts"}],"about":[{"href":"https:\/\/staging.ivg.it\/ediapi\/wp\/v2\/types\/post"}],"author":[{"embeddable":true,"href":"https:\/\/staging.ivg.it\/ediapi\/wp\/v2\/users\/13744"}],"replies":[{"embeddable":true,"href":"https:\/\/staging.ivg.it\/ediapi\/wp\/v2\/comments?post=88065"}],"version-history":[{"count":0,"href":"https:\/\/staging.ivg.it\/ediapi\/wp\/v2\/posts\/88065\/revisions"}],"wp:attachment":[{"href":"https:\/\/staging.ivg.it\/ediapi\/wp\/v2\/media?parent=88065"}],"wp:term":[{"taxonomy":"category","embeddable":true,"href":"https:\/\/staging.ivg.it\/ediapi\/wp\/v2\/categories?post=88065"},{"taxonomy":"post_tag","embeddable":true,"href":"https:\/\/staging.ivg.it\/ediapi\/wp\/v2\/tags?post=88065"}],"curies":[{"name":"wp","href":"https:\/\/api.w.org\/{rel}","templated":true}]}}