{"id":88060,"date":"2010-04-29T10:01:42","date_gmt":"2010-04-29T08:01:42","guid":{"rendered":"http:\/\/www.ivg.it\/?p=88060"},"modified":"2010-04-29T15:02:30","modified_gmt":"2010-04-29T13:02:30","slug":"le-tifose-del-savona-per-savona-insieme-oggi-la-consegna-dellassegno","status":"publish","type":"post","link":"https:\/\/staging.ivg.it\/2010\/04\/le-tifose-del-savona-per-savona-insieme-oggi-la-consegna-dellassegno\/","title":{"rendered":"Le tifose del Savona per Savona Insieme: oggi la consegna dell&#8217;assegno"},"content":{"rendered":"<p><strong>Savona<\/strong>. Quest&#8217;oggi, alle 18,30, presso la birreria Il Vecchio e lo Zio il Savona Calcio consegner\u00e0 l&#8217;assegno con il ricavato vendita del calendario delle tifose biancobl\u00f9 all\u2019associazione Savona Insieme. Giunge cos\u00ec all&#8217;evento conclusivo il progetto nato nel dicembre scorso da un\u2019idea delle ragazze dei gruppi organizzati del<br \/>\nSavona, sposata con entusiasmo dalla societ\u00e0 che l\u2019ha appoggiata e promossa come ufficiale: il calendario benefico delle tifose del Savona 2010.<\/p>\n<p>A partire dalle 18,30 quindi si terr\u00e0 un&#8217;aperitivo biancobl\u00f9 insieme ai giocatori e alla dirigenza del Savona durante il quale verr\u00e0 consegnato all&#8217;Associazione Savona Insieme, nella persona del suo presidente Domenico Giampetruzzi insieme ad alcuni volontari, l&#8217;assegno da 3mila euro. I proventi della vendita del calendario sono stati destinati all\u2019Associazione nata per offrire, gratuitamente, assistenza domiciliare a quei malati di cancro in fase avanzata che, una volta dimessi dagli ospedali, si possono trovare in una situazione di grande difficolt\u00e0 assistenziale e di solitudine.<\/p>\n<p>&#8220;Un bravo, innanzi tutto al Presidente Andrea Pesce, a tutto lo Staff ed ai giocatori del Savona Calcio per il prestigioso e meritato successo recentemente ottenuto. Un grazie di cuore oltrech\u00e9 alla Societ\u00e0 anche al simpatico gruppo di tifose del Savona, che hanno pensato, con grande sensibilit\u00e0 e spirito di solidariet\u00e0 di destinare a &#8216;Savona Insieme&#8217; il ricavato del calendario 2010&#8221; sono le parole del presidente dell&#8217;associazione Domenico Giampetruzzi.<\/p>\n<p>&#8220;Questo aiuto, ben accetto, sar\u00e0 destinato come sempre, all\u2019assistenza domiciliare gratuita di tanti malati oncologici in fase avanzata, oltrech\u00e9 al miglioramento dei servizi al centro dei quali vi \u00e8 sempre il malato. Con questo spirito abbiamo assistito, dall\u2019 inizio della piena operativit\u00e0 (marzo 1999) circa 900 malati e stiamo assistendo in questo periodo dai 15 ai 20 malati al giorno, avvalendoci di una struttura operante nel comprensorio savonese e nella fascia costiera che va da Varazze e Noli, composta da due medici oncologi, tre infermieri professionali, un fisioterapista, una psicologa, un assistente spirituale oltrech\u00e9 da 65 meravigliosi volontari&#8221; aggiunge Giampetruzzi.<\/p>\n<p>&#8220;Questo simpatico incontro tra il Savona Calcio e Savona insieme dimostra che l\u2019indifferenza pu\u00f2 essere vinta dalla solidariet\u00e0 di un gruppo sportivo vincente che oltre a dar lustro ad un\u2019intera citt\u00e0, dimostra anche una grande sensibilit\u00e0 verso la sofferenza di tanti esseri umani. Un bravo di cuore a tutti!&#8221; conclude il presidente di Savona Insieme.<\/p>\n<p>Nello specifico, i fondi provenienti dalla vendita del calendario, serviranno a completare l\u2019acquisto di un ecografo portatile, uno strumento che consente la visualizzazione dei vasi sanguigni (evitando cos\u00ec ematomi, dolore e altre complicanze) utilizzando il sistema di ultrasuoni e che i volontari potranno portare a domicilio dai pazienti migliorando la loro qualit\u00e0 di vita.<\/p>\n<p>&#8220;L\u2019obiettivo \u00e8 stato raggiunto e riuscire a donare buona somma di denaro all\u2019Associazione rende orgogliose le ragazze che si sono impegnate nel progetto, la societ\u00e0 che l\u2019ha promosso e tutti coloro che hanno partecipato acquistando i calendari. La societ\u00e0 ringrazia in particolare la Cassa di Risparmio di Savona per il contributo nell\u2019acquisto dei calendari e la Provincia di Savona che ha fornito l\u2019opportunit\u00e0 di promuovere l\u2019iniziativa attraverso una lezione del ciclo sport e formazione&#8221; commentano dalla societ\u00e0.<\/p>\n","protected":false},"excerpt":{"rendered":"<p>Savona. Quest&#8217;oggi, alle 18,30, presso la birreria Il Vecchio e lo Zio il Savona Calcio consegner\u00e0 l&#8217;assegno con il ricavato vendita del calendario delle tifose biancobl\u00f9 all\u2019associazione Savona Insieme. Giunge cos\u00ec all&#8217;evento conclusivo il progetto nato nel dicembre scorso da un\u2019idea delle ragazze dei gruppi organizzati del Savona, sposata con entusiasmo dalla societ\u00e0 che l\u2019ha [&hellip;]<\/p>\n","protected":false},"author":5,"featured_media":0,"comment_status":"open","ping_status":"closed","sticky":false,"template":"","format":"standard","meta":{"footnotes":""},"categories":[34,32],"tags":[3075,3843,451,85850,86042,5785],"class_list":["post-88060","post","type-post","status-publish","format-standard","hentry","category-cronaca","category-sport","tag-assegno","tag-beneficienza","tag-calendario","tag-savona","tag-savona-calcio","tag-savona-insieme","post_cat_citta-savona"],"amp_validity":null,"amp_enabled":true,"_links":{"self":[{"href":"https:\/\/staging.ivg.it\/ediapi\/wp\/v2\/posts\/88060","targetHints":{"allow":["GET"]}}],"collection":[{"href":"https:\/\/staging.ivg.it\/ediapi\/wp\/v2\/posts"}],"about":[{"href":"https:\/\/staging.ivg.it\/ediapi\/wp\/v2\/types\/post"}],"author":[{"embeddable":true,"href":"https:\/\/staging.ivg.it\/ediapi\/wp\/v2\/users\/5"}],"replies":[{"embeddable":true,"href":"https:\/\/staging.ivg.it\/ediapi\/wp\/v2\/comments?post=88060"}],"version-history":[{"count":0,"href":"https:\/\/staging.ivg.it\/ediapi\/wp\/v2\/posts\/88060\/revisions"}],"wp:attachment":[{"href":"https:\/\/staging.ivg.it\/ediapi\/wp\/v2\/media?parent=88060"}],"wp:term":[{"taxonomy":"category","embeddable":true,"href":"https:\/\/staging.ivg.it\/ediapi\/wp\/v2\/categories?post=88060"},{"taxonomy":"post_tag","embeddable":true,"href":"https:\/\/staging.ivg.it\/ediapi\/wp\/v2\/tags?post=88060"}],"curies":[{"name":"wp","href":"https:\/\/api.w.org\/{rel}","templated":true}]}}