{"id":87989,"date":"2010-04-28T12:06:55","date_gmt":"2010-04-28T10:06:55","guid":{"rendered":"http:\/\/www.ivg.it\/?p=87989"},"modified":"2010-04-28T16:08:46","modified_gmt":"2010-04-28T14:08:46","slug":"berruti-una-iniziativa-contro-il-patto-di-stabilita-aderirei-subito-e-senza-esitazione","status":"publish","type":"post","link":"https:\/\/staging.ivg.it\/2010\/04\/berruti-una-iniziativa-contro-il-patto-di-stabilita-aderirei-subito-e-senza-esitazione\/","title":{"rendered":"Berruti: &#8220;Una iniziativa contro il Patto di Stabilit\u00e0? Aderirei subito e senza esitazione&#8221;"},"content":{"rendered":"<p><strong>Savona.<\/strong> A margine della conferenza stampa sull&#8217;approvazione del bilancio di previsione 2010 del Comune di Savona, approvato ieri con 24 voti a favore e 11 contrari dal consiglio comunale, il sindaco della citt\u00e0 della Torretta, Federico Berruti, si \u00e8 soffermato a parlare del Patto di stabilit\u00e0, nota dolente per molti Comuni, non solo liguri.<\/p>\n<p>&#8220;Se ci fosse una qualche azione contro il Patto di stabilit\u00e0 io aderirei &#8211; precisa subito Berruti -. Idealmente, l&#8217;ho anche detto pubblicamente, ho aderito alla manifestazione dei sindaci lombardi. Devo dire che, per\u00f2, questo \u00e8 davvero il Governo meno federalista che si ricordi, perch\u00e9 ha abolito l&#8217;ICI sulla prima casa senza ridare alle amministrazioni locali uno strumento per avere le risorse che servono, e restituisce pochissimo al territorio&#8221;.<\/p>\n<p>&#8220;Noi paghiamo tantissime tasse &#8211; prosegue il sindaco savonese -. In questo Paese si pagano troppe imposte ed \u00e8 troppo poco quello che torna al territorio. Allora io credo che un p\u00f2 di federalismo fiscale vero, non solo da &#8216;spot elettorale&#8217;, ci vorrebbe. Quindi penso che anche la critica al Patto di stabilit\u00e0 sia giusta e che vada condotta in modo bipartisan. Io vi aderisco senza esitazioni&#8221;.<\/p>\n","protected":false},"excerpt":{"rendered":"<p>Savona. A margine della conferenza stampa sull&#8217;approvazione del bilancio di previsione 2010 del Comune di Savona, approvato ieri con 24 voti a favore e 11 contrari dal consiglio comunale, il sindaco della citt\u00e0 della Torretta, Federico Berruti, si \u00e8 soffermato a parlare del Patto di stabilit\u00e0, nota dolente per molti Comuni, non solo liguri. &#8220;Se [&hellip;]<\/p>\n","protected":false},"author":13744,"featured_media":0,"comment_status":"open","ping_status":"closed","sticky":false,"template":"","format":"standard","meta":{"footnotes":""},"categories":[31],"tags":[1360,1062,324,85850],"class_list":["post-87989","post","type-post","status-publish","format-standard","hentry","category-politica","tag-bilancio","tag-federico-berruti","tag-patto-di-stabilita","tag-savona","post_cat_citta-savona"],"amp_validity":null,"amp_enabled":true,"_links":{"self":[{"href":"https:\/\/staging.ivg.it\/ediapi\/wp\/v2\/posts\/87989","targetHints":{"allow":["GET"]}}],"collection":[{"href":"https:\/\/staging.ivg.it\/ediapi\/wp\/v2\/posts"}],"about":[{"href":"https:\/\/staging.ivg.it\/ediapi\/wp\/v2\/types\/post"}],"author":[{"embeddable":true,"href":"https:\/\/staging.ivg.it\/ediapi\/wp\/v2\/users\/13744"}],"replies":[{"embeddable":true,"href":"https:\/\/staging.ivg.it\/ediapi\/wp\/v2\/comments?post=87989"}],"version-history":[{"count":0,"href":"https:\/\/staging.ivg.it\/ediapi\/wp\/v2\/posts\/87989\/revisions"}],"wp:attachment":[{"href":"https:\/\/staging.ivg.it\/ediapi\/wp\/v2\/media?parent=87989"}],"wp:term":[{"taxonomy":"category","embeddable":true,"href":"https:\/\/staging.ivg.it\/ediapi\/wp\/v2\/categories?post=87989"},{"taxonomy":"post_tag","embeddable":true,"href":"https:\/\/staging.ivg.it\/ediapi\/wp\/v2\/tags?post=87989"}],"curies":[{"name":"wp","href":"https:\/\/api.w.org\/{rel}","templated":true}]}}