{"id":87637,"date":"2010-04-23T15:15:40","date_gmt":"2010-04-23T13:15:40","guid":{"rendered":"http:\/\/www.ivg.it\/?p=87637"},"modified":"2010-04-23T15:28:18","modified_gmt":"2010-04-23T13:28:18","slug":"a10-ecco-i-cantieri-della-prossima-settimana-nel-savonese","status":"publish","type":"post","link":"https:\/\/staging.ivg.it\/2010\/04\/a10-ecco-i-cantieri-della-prossima-settimana-nel-savonese\/","title":{"rendered":"A10, ecco i cantieri della prossima settimana nel Savonese"},"content":{"rendered":"<p><strong>Savona.<\/strong> Autofiori ha reso noto i cantieri che, in situazioni particolari, potrebbero creare rallentamenti al traffico sulla tratta Savona-Confine di Stato.<\/p>\n<p>In direzione Francia (carreggiata Nord) tra Savona e Spotorno \u00e8 prevista per luned\u00ec 26 e marted\u00ec 27 una riduzione della carreggiata da due ad una corsia per bonifica urgente pavimentazione drenante\/fono-assorbente.<br \/>\nForti possibilit\u00e0 di code in mattinata, dalle 8 alle 10, e nel pomeriggio dalle 16 alle 19.<\/p>\n<p>Tra Finale L. e Pietra L.\u00e8 previsto marted\u00ec 27 e mercoled\u00ec 28 aprile uno scambio di carreggiata per rifacimento pavimentazione all&#8217;interno della Galleria Bracciale. Orari critici dalle 8 alle 10 e dalle 16 alle 19.<\/p>\n","protected":false},"excerpt":{"rendered":"<p>Savona. Autofiori ha reso noto i cantieri che, in situazioni particolari, potrebbero creare rallentamenti al traffico sulla tratta Savona-Confine di Stato. In direzione Francia (carreggiata Nord) tra Savona e Spotorno \u00e8 prevista per luned\u00ec 26 e marted\u00ec 27 una riduzione della carreggiata da due ad una corsia per bonifica urgente pavimentazione drenante\/fono-assorbente. Forti possibilit\u00e0 di [&hellip;]<\/p>\n","protected":false},"author":13744,"featured_media":0,"comment_status":"open","ping_status":"closed","sticky":false,"template":"","format":"standard","meta":{"footnotes":""},"categories":[],"tags":[789,822,2400,5351,5202,209,2742,14121,2667,15155,85850,85863,592],"class_list":["post-87637","post","type-post","status-publish","format-standard","hentry","tag-a10","tag-autofiori","tag-carreggiata","tag-cimento","tag-direzione","tag-finale","tag-galleria","tag-galleria-bracciale","tag-pavimentazione","tag-riduzione","tag-savona","tag-spotorno","tag-traffico"],"amp_validity":null,"amp_enabled":true,"_links":{"self":[{"href":"https:\/\/staging.ivg.it\/ediapi\/wp\/v2\/posts\/87637","targetHints":{"allow":["GET"]}}],"collection":[{"href":"https:\/\/staging.ivg.it\/ediapi\/wp\/v2\/posts"}],"about":[{"href":"https:\/\/staging.ivg.it\/ediapi\/wp\/v2\/types\/post"}],"author":[{"embeddable":true,"href":"https:\/\/staging.ivg.it\/ediapi\/wp\/v2\/users\/13744"}],"replies":[{"embeddable":true,"href":"https:\/\/staging.ivg.it\/ediapi\/wp\/v2\/comments?post=87637"}],"version-history":[{"count":0,"href":"https:\/\/staging.ivg.it\/ediapi\/wp\/v2\/posts\/87637\/revisions"}],"wp:attachment":[{"href":"https:\/\/staging.ivg.it\/ediapi\/wp\/v2\/media?parent=87637"}],"wp:term":[{"taxonomy":"category","embeddable":true,"href":"https:\/\/staging.ivg.it\/ediapi\/wp\/v2\/categories?post=87637"},{"taxonomy":"post_tag","embeddable":true,"href":"https:\/\/staging.ivg.it\/ediapi\/wp\/v2\/tags?post=87637"}],"curies":[{"name":"wp","href":"https:\/\/api.w.org\/{rel}","templated":true}]}}