{"id":87362,"date":"2010-04-20T16:43:17","date_gmt":"2010-04-20T14:43:17","guid":{"rendered":"http:\/\/www.ivg.it\/?p=87362"},"modified":"2010-04-20T16:43:17","modified_gmt":"2010-04-20T14:43:17","slug":"carcare-anpi-polemica-estromessi-dalle-celebrazioni-per-la-liberazione","status":"publish","type":"post","link":"https:\/\/staging.ivg.it\/2010\/04\/carcare-anpi-polemica-estromessi-dalle-celebrazioni-per-la-liberazione\/","title":{"rendered":"Carcare, Anpi polemica: &#8220;Estromessi dalle celebrazioni per la Liberazione&#8221;"},"content":{"rendered":"<p><strong>Carcare. <\/strong>E&#8217; polemica a Carcare sulle celebrazioni per il 65esimo anniversario della Liberazione. L&#8217;Anpi locale infatti attacca: &#8220;Dopo aver sollecitato per ben due volte un incontro con l&#8217;amministrazione comunale, siamo stati ricevuti dal sindaco e dall&#8217;assessore alla Cultura De Vecchi che ci hanno sottoposto un programma gi\u00e0 definito per il 25 Aprile nel quale l&#8217;oratore ufficiale, appartenente alla Fivl lombarda, \u00e8 stato scelto senza alcun contatto con la nostra associazione&#8221;.<\/p>\n<p>&#8220;Abbiamo deciso di aderire chiedendo per\u00f2 che nel programma venga inserito, come consuetudine, il saluto del nostro presidente &#8211; spiegano poi dall&#8217;Anpi &#8211; ma il sindaco ci ha negato questa possibilit\u00e0. Per la prima volta dopo 65 anni le celebrazioni del 25 Aprile a Carcare si svolgeranno senza che il presidente dell&#8217;associazione partigiani rivolga il suo saluto ai concittadini intervenuti. Per senso civico e doveroso rispetto verso la Resistenza, la Costituzione, la Repubblica ed i cittadini, saremo in piazza, ma non abbiamo nessuna responsabilit\u00e0 in merito all\u2019organizzazione della giornata, ancorch\u00e9 la nostra sigla possa comparire sul manifesto dell&#8217;Amministrazione&#8221;.<\/p>\n<p>L&#8217;Anpi carcarese celebrer\u00e0 &#8220;parallelamente&#8221; l&#8217;anniversario della Liberazione. Si inizier\u00e0 venerd\u00ec 23 aprile alle 20,30 presso la Sms Operaia con la presentazione della rinnovata sezione, alcune considerazioni sugli scopi attuali dell&#8217;associazione e, a seguire, lo spettacolo teatrale &#8220;Bologna&#8221;, a cura della compagnia teatrale &#8220;Timoteo Teatro&#8221;. Il giorno successivo, alle 17, sar\u00e0 inaugurata una mostra fotografica e di cimeli della Resistenza presso la Galleria Commerciale, mentre venerd\u00ec 30 aprile, alle 20,30, presso l&#8217;Aula Magna Liceo &#8220;Calasanzio&#8221;, si terr\u00e0 la proiezione del film &#8220;L&#8217;uomo che verr\u00e0&#8221;, di Giorgio Diritti.<\/p>\n","protected":false},"excerpt":{"rendered":"<p>Carcare. E&#8217; polemica a Carcare sulle celebrazioni per il 65esimo anniversario della Liberazione. L&#8217;Anpi locale infatti attacca: &#8220;Dopo aver sollecitato per ben due volte un incontro con l&#8217;amministrazione comunale, siamo stati ricevuti dal sindaco e dall&#8217;assessore alla Cultura De Vecchi che ci hanno sottoposto un programma gi\u00e0 definito per il 25 Aprile nel quale l&#8217;oratore [&hellip;]<\/p>\n","protected":false},"author":5,"featured_media":0,"comment_status":"open","ping_status":"closed","sticky":false,"template":"","format":"standard","meta":{"footnotes":""},"categories":[31],"tags":[4842,85852,85821,8746,3302],"class_list":["post-87362","post","type-post","status-publish","format-standard","hentry","category-politica","tag-anpi","tag-carcare","tag-citta","tag-liberazione","tag-polemica","post_cat_citta-carcare"],"amp_validity":null,"amp_enabled":true,"_links":{"self":[{"href":"https:\/\/staging.ivg.it\/ediapi\/wp\/v2\/posts\/87362","targetHints":{"allow":["GET"]}}],"collection":[{"href":"https:\/\/staging.ivg.it\/ediapi\/wp\/v2\/posts"}],"about":[{"href":"https:\/\/staging.ivg.it\/ediapi\/wp\/v2\/types\/post"}],"author":[{"embeddable":true,"href":"https:\/\/staging.ivg.it\/ediapi\/wp\/v2\/users\/5"}],"replies":[{"embeddable":true,"href":"https:\/\/staging.ivg.it\/ediapi\/wp\/v2\/comments?post=87362"}],"version-history":[{"count":0,"href":"https:\/\/staging.ivg.it\/ediapi\/wp\/v2\/posts\/87362\/revisions"}],"wp:attachment":[{"href":"https:\/\/staging.ivg.it\/ediapi\/wp\/v2\/media?parent=87362"}],"wp:term":[{"taxonomy":"category","embeddable":true,"href":"https:\/\/staging.ivg.it\/ediapi\/wp\/v2\/categories?post=87362"},{"taxonomy":"post_tag","embeddable":true,"href":"https:\/\/staging.ivg.it\/ediapi\/wp\/v2\/tags?post=87362"}],"curies":[{"name":"wp","href":"https:\/\/api.w.org\/{rel}","templated":true}]}}