{"id":87224,"date":"2010-04-19T12:44:43","date_gmt":"2010-04-19T10:44:43","guid":{"rendered":"http:\/\/www.ivg.it\/?p=87224"},"modified":"2010-04-19T11:47:52","modified_gmt":"2010-04-19T09:47:52","slug":"un-pellegrinaggio-mensile-in-piu-al-santuario-di-savona","status":"publish","type":"post","link":"https:\/\/staging.ivg.it\/2010\/04\/un-pellegrinaggio-mensile-in-piu-al-santuario-di-savona\/","title":{"rendered":"Un pellegrinaggio mensile in pi\u00f9 al Santuario di Savona"},"content":{"rendered":"<p><strong>Savona<\/strong>. Ai consueti pellegrinaggi del terzo sabato del mese al Santuario della misericordia si aggiungono, da questo mese, i pellegrinaggi del secondo sabato, organizzati dall\u2019associazione \u201cUna voce-Savona\u201d (l\u2019associazione che promuove la celebrazione della Messa secondo il rito pre-conciliare) con partenza alle 8,30 circa dalla prima cappella di Lavagnola.<\/p>\n<p>Durante il percorso viene proposta la recita completa dei 15 misteri del rosario e il prossimo appuntamento sar\u00e0 l\u20198 maggio. &#8220;L\u2019intenzione generale di questi pellegrinaggi &#8211; spiegano i promotori &#8211; \u00e8 pregare per la chiesa formulando di volta in volta intenzioni specifiche secondo le necessit\u00e0 del momento; nella prima occasione si \u00e8 pregato in particolare, secondo le raccomandazioni del Romano Pontefice, in riparazione dei peccati commessi da sacerdoti e religiosi, in sostegno alle vittime dei medesimi e in soccorso di tutti coloro che se ne sentono scandalizzati&#8221;.<\/p>\n<p>Intanto proseguono anche i pellegrinaggi diocesani del terzo sabato del mese, guidati dal vescovo o dal vicario generale. Il prossimo appuntamento sar\u00e0 sabato 15 maggio, con partenza alle 8,30 dalla prima cappella di Lavagnola e conclusione con la Messa in basilica.<\/p>\n","protected":false},"excerpt":{"rendered":"<p>Savona. Ai consueti pellegrinaggi del terzo sabato del mese al Santuario della misericordia si aggiungono, da questo mese, i pellegrinaggi del secondo sabato, organizzati dall\u2019associazione \u201cUna voce-Savona\u201d (l\u2019associazione che promuove la celebrazione della Messa secondo il rito pre-conciliare) con partenza alle 8,30 circa dalla prima cappella di Lavagnola. Durante il percorso viene proposta la recita [&hellip;]<\/p>\n","protected":false},"author":5,"featured_media":0,"comment_status":"open","ping_status":"closed","sticky":false,"template":"","format":"standard","meta":{"footnotes":""},"categories":[56],"tags":[1377,1252,1933,85850],"class_list":["post-87224","post","type-post","status-publish","format-standard","hentry","category-altre","tag-lavagnola","tag-pellegrinaggio","tag-santuario","tag-savona","post_cat_citta-savona"],"amp_validity":null,"amp_enabled":true,"_links":{"self":[{"href":"https:\/\/staging.ivg.it\/ediapi\/wp\/v2\/posts\/87224","targetHints":{"allow":["GET"]}}],"collection":[{"href":"https:\/\/staging.ivg.it\/ediapi\/wp\/v2\/posts"}],"about":[{"href":"https:\/\/staging.ivg.it\/ediapi\/wp\/v2\/types\/post"}],"author":[{"embeddable":true,"href":"https:\/\/staging.ivg.it\/ediapi\/wp\/v2\/users\/5"}],"replies":[{"embeddable":true,"href":"https:\/\/staging.ivg.it\/ediapi\/wp\/v2\/comments?post=87224"}],"version-history":[{"count":0,"href":"https:\/\/staging.ivg.it\/ediapi\/wp\/v2\/posts\/87224\/revisions"}],"wp:attachment":[{"href":"https:\/\/staging.ivg.it\/ediapi\/wp\/v2\/media?parent=87224"}],"wp:term":[{"taxonomy":"category","embeddable":true,"href":"https:\/\/staging.ivg.it\/ediapi\/wp\/v2\/categories?post=87224"},{"taxonomy":"post_tag","embeddable":true,"href":"https:\/\/staging.ivg.it\/ediapi\/wp\/v2\/tags?post=87224"}],"curies":[{"name":"wp","href":"https:\/\/api.w.org\/{rel}","templated":true}]}}