{"id":87167,"date":"2010-04-18T17:03:03","date_gmt":"2010-04-18T15:03:03","guid":{"rendered":"http:\/\/www.ivg.it\/?p=87167"},"modified":"2010-04-19T12:54:28","modified_gmt":"2010-04-19T10:54:28","slug":"il-savona-pareggia-ad-acqui-e-vola-in-seconda-divisione","status":"publish","type":"post","link":"https:\/\/staging.ivg.it\/2010\/04\/il-savona-pareggia-ad-acqui-e-vola-in-seconda-divisione\/","title":{"rendered":"Savona in Seconda Divisione: i commenti dei protagonisti"},"content":{"rendered":"<p><strong>Acqui Terme. <\/strong>Il sogno diventa realt\u00e0, con ben quattro giornate di anticipo rispetto al calendario. Grazie al pareggio esterno per 1 a 1 in casa dell&#8217;Acqui, il Savona approda matematicamente in Seconda Divisione, l&#8217;ex C2, mentre le due dirette inseguitrici, Entella e Casale, restano sempre a 13 lunghezze, avendo anche loro pareggiato.<\/p>\n<p>Gli uomini di mister Iacolino, dopo essere stati lungamente in vantaggio, si sono fatti raggiungere dall&#8217;Acqui nel secondo tempo. Gli ultimi minuti del match sono stati per i 400 supporter Biancoblu una vera sofferenza, anche a causa dell&#8217;espulsione di Calcagno (marcatore del goal del momentaneo vantaggio) per somma di ammonizioni.<\/p>\n<p>Tuttavia il triplice fischio ha fatto letteralmente esplodere di gioia i tifosi degli Striscioni, che hanno realizzato anche una piccola invasione di campo mentre i giocatori si erano riuniti a centrocampo, in attesa del verdetto delle altre due sfide.<\/p>\n<p>&#8220;Un risultato sofferto ma per questo ancora pi\u00f9 bello. Abbiamo dimostrato di essere una grande squadra. Il merito va a tutti, dai giocatori alla dirigenza fino al mio staff&#8221; ha commentato a caldo l&#8217;allenatore, dedicando poi la promozione ai tifosi &#8220;per lo slancio che ci hanno dato&#8221;. Mister Iacolino non ha ancora sciolto la riserva sulla sua permanenza o meno all&#8217;ombra della Torretta: &#8220;Ne parleremo da domani&#8221; ha tagliato corto.<\/p>\n<p>Visibilmente commosso il presidente Andrea Pesce: &#8220;Siamo molto contenti per questo risultato. Da luned\u00ec partiranno i programmi per l&#8217;anno nuovo: la squadra deve andare di pari passo con la citt\u00e0&#8221; e poi, interrogato da IVG.it sul nuovo stadio commenta brevemente: &#8220;Se ne parler\u00e0 a maggio&#8221;.<\/p>\n<p>Soddisfazione \u00e8 stata espressa anche dal capitano Ponzo: &#8220;Ogni vittoria \u00e8 bella, ma questa \u00e8 per me particolarmente sentita. Dedico la promozione a mia moglie ed ai miei figli&#8221;. I tifosi savonesi si ritroveranno in piazza Sisto IV alle 19 per festeggiare il passaggio di categoria.<\/p>\n","protected":false},"excerpt":{"rendered":"<p>Acqui Terme. Il sogno diventa realt\u00e0, con ben quattro giornate di anticipo rispetto al calendario. Grazie al pareggio esterno per 1 a 1 in casa dell&#8217;Acqui, il Savona approda matematicamente in Seconda Divisione, l&#8217;ex C2, mentre le due dirette inseguitrici, Entella e Casale, restano sempre a 13 lunghezze, avendo anche loro pareggiato. Gli uomini di [&hellip;]<\/p>\n","protected":false},"author":1385,"featured_media":0,"comment_status":"open","ping_status":"closed","sticky":false,"template":"","format":"standard","meta":{"footnotes":""},"categories":[56,32],"tags":[85989,85850,86042,5339],"class_list":["post-87167","post","type-post","status-publish","format-standard","hentry","category-altre","category-sport","tag-calcio","tag-savona","tag-savona-calcio","tag-seconda-divisione","post_cat_citta-andora","post_cat_citta-savona"],"amp_validity":null,"amp_enabled":true,"_links":{"self":[{"href":"https:\/\/staging.ivg.it\/ediapi\/wp\/v2\/posts\/87167","targetHints":{"allow":["GET"]}}],"collection":[{"href":"https:\/\/staging.ivg.it\/ediapi\/wp\/v2\/posts"}],"about":[{"href":"https:\/\/staging.ivg.it\/ediapi\/wp\/v2\/types\/post"}],"author":[{"embeddable":true,"href":"https:\/\/staging.ivg.it\/ediapi\/wp\/v2\/users\/1385"}],"replies":[{"embeddable":true,"href":"https:\/\/staging.ivg.it\/ediapi\/wp\/v2\/comments?post=87167"}],"version-history":[{"count":0,"href":"https:\/\/staging.ivg.it\/ediapi\/wp\/v2\/posts\/87167\/revisions"}],"wp:attachment":[{"href":"https:\/\/staging.ivg.it\/ediapi\/wp\/v2\/media?parent=87167"}],"wp:term":[{"taxonomy":"category","embeddable":true,"href":"https:\/\/staging.ivg.it\/ediapi\/wp\/v2\/categories?post=87167"},{"taxonomy":"post_tag","embeddable":true,"href":"https:\/\/staging.ivg.it\/ediapi\/wp\/v2\/tags?post=87167"}],"curies":[{"name":"wp","href":"https:\/\/api.w.org\/{rel}","templated":true}]}}