{"id":87103,"date":"2010-04-17T10:04:29","date_gmt":"2010-04-17T08:04:29","guid":{"rendered":"http:\/\/www.ivg.it\/?p=87103"},"modified":"2010-04-17T10:06:14","modified_gmt":"2010-04-17T08:06:14","slug":"da-domani-alassio-profumera-di-fiori-di-faber","status":"publish","type":"post","link":"https:\/\/staging.ivg.it\/2010\/04\/da-domani-alassio-profumera-di-fiori-di-faber\/","title":{"rendered":"Da domani Alassio profumer\u00e0 di &#8220;Fiori di Faber&#8221;"},"content":{"rendered":"<p><strong>Alassio.<\/strong> &#8220;Dai diamanti non nasce niente, dal letame nascono i fiori&#8221;, cantava Fabrizio De Andr\u00e9 in uno dei suoi versi pi\u00f9 icastici e colmo di quella semplice verit\u00e0 che ha fatto grande la sua poesia e la sua musica.<\/p>\n<p>E proprio ai fiori \u00e8 dedicata la mostra &#8220;I fiori di Faber&#8221;, che sar\u00e0 inaugurata ad Alassio, domani 18 aprile, alle 17,30, nell\u2019Ex Chiesa Anglicana. Promossa dall\u2019Assessorato al Turismo e alla Cultura del Comune di Alassio, il progetto ha il patrocinio morale della Fondazione De Andr\u00e8 e tutti i proventi saranno devoluti alla comunit\u00e0 di San Benedetto di Genova.<\/p>\n<p>L\u2019inaugurazione si aprir\u00e0 con il concerto di Giorgio Cordini, chitarrista di Fabrizio De Andr\u00e9, e con una presentazione del giornalista Claudio Porchia, Pepi Morgia (storico regista dei concerti di Faber) e Libereso Guglielmi, il celebre giardiniere di Italo Calvino. La mostra rester\u00e0 allestita fino al 2 maggio, da gioved\u00ec a domenica, dalle 15 alle 19, con ingresso libero.<\/p>\n","protected":false},"excerpt":{"rendered":"<p>Alassio. &#8220;Dai diamanti non nasce niente, dal letame nascono i fiori&#8221;, cantava Fabrizio De Andr\u00e9 in uno dei suoi versi pi\u00f9 icastici e colmo di quella semplice verit\u00e0 che ha fatto grande la sua poesia e la sua musica. E proprio ai fiori \u00e8 dedicata la mostra &#8220;I fiori di Faber&#8221;, che sar\u00e0 inaugurata ad [&hellip;]<\/p>\n","protected":false},"author":13744,"featured_media":0,"comment_status":"open","ping_status":"closed","sticky":false,"template":"","format":"standard","meta":{"footnotes":""},"categories":[],"tags":[85824,21692],"class_list":["post-87103","post","type-post","status-publish","format-standard","hentry","tag-alassio","tag-chiesa-anglicana","post_cat_citta-alassio"],"amp_validity":null,"amp_enabled":true,"_links":{"self":[{"href":"https:\/\/staging.ivg.it\/ediapi\/wp\/v2\/posts\/87103","targetHints":{"allow":["GET"]}}],"collection":[{"href":"https:\/\/staging.ivg.it\/ediapi\/wp\/v2\/posts"}],"about":[{"href":"https:\/\/staging.ivg.it\/ediapi\/wp\/v2\/types\/post"}],"author":[{"embeddable":true,"href":"https:\/\/staging.ivg.it\/ediapi\/wp\/v2\/users\/13744"}],"replies":[{"embeddable":true,"href":"https:\/\/staging.ivg.it\/ediapi\/wp\/v2\/comments?post=87103"}],"version-history":[{"count":0,"href":"https:\/\/staging.ivg.it\/ediapi\/wp\/v2\/posts\/87103\/revisions"}],"wp:attachment":[{"href":"https:\/\/staging.ivg.it\/ediapi\/wp\/v2\/media?parent=87103"}],"wp:term":[{"taxonomy":"category","embeddable":true,"href":"https:\/\/staging.ivg.it\/ediapi\/wp\/v2\/categories?post=87103"},{"taxonomy":"post_tag","embeddable":true,"href":"https:\/\/staging.ivg.it\/ediapi\/wp\/v2\/tags?post=87103"}],"curies":[{"name":"wp","href":"https:\/\/api.w.org\/{rel}","templated":true}]}}