{"id":86778,"date":"2010-04-14T10:58:52","date_gmt":"2010-04-14T08:58:52","guid":{"rendered":"http:\/\/www.ivg.it\/?p=86778"},"modified":"2010-04-14T11:17:50","modified_gmt":"2010-04-14T09:17:50","slug":"alassio-lo-sci-di-fondo-on-the-beach-approda-ai-fatti-vostri","status":"publish","type":"post","link":"https:\/\/staging.ivg.it\/2010\/04\/alassio-lo-sci-di-fondo-on-the-beach-approda-ai-fatti-vostri\/","title":{"rendered":"Alassio: lo sci di fondo &#8220;on the beach&#8221; approda ai &#8220;Fatti Vostri&#8221;"},"content":{"rendered":"<p><strong>Alassio.<\/strong> La prima gara di sci di fondo &#8220;Alassio on the Beach&#8221; approda ad una delle pi\u00f9 seguite trasmissioni della rete nazionale &#8220;I Fatti Vostri&#8221;. Domani, gioved\u00ec 15 aprile, la &#8220;Signora delle nevi&#8221; Celina Seghi, madrina della manifestazione che si \u00e8 svolta nella &#8220;citt\u00e0 del muretto&#8221; la scorsa domenica, sar\u00e0 ospite della trasmissione condotta da Giancarlo Magalli e porter\u00e0 con se le immagini di Alassio.<br \/>\n\u00a0<br \/>\n&#8220;Una nuova occasione di visibilit\u00e0 per la nostra citt\u00e0, che nello scorso fine settimana ha saputo conquistare importanti servizi giornalistici andati in onda sulle principali tv nazionali &#8211; afferma l&#8217;assessore al Turismo e alla Cultura, Monica Zioni -. Ora il passaggio nella trasmissione de &#8221; I Fatti Vostri&#8221; ci permetter\u00e0 di entrare nelle case dei tanti italiani che seguono quotidianamente la trasmisisione.<\/p>\n","protected":false},"excerpt":{"rendered":"<p>Alassio. La prima gara di sci di fondo &#8220;Alassio on the Beach&#8221; approda ad una delle pi\u00f9 seguite trasmissioni della rete nazionale &#8220;I Fatti Vostri&#8221;. Domani, gioved\u00ec 15 aprile, la &#8220;Signora delle nevi&#8221; Celina Seghi, madrina della manifestazione che si \u00e8 svolta nella &#8220;citt\u00e0 del muretto&#8221; la scorsa domenica, sar\u00e0 ospite della trasmissione condotta da [&hellip;]<\/p>\n","protected":false},"author":13744,"featured_media":0,"comment_status":"open","ping_status":"closed","sticky":false,"template":"","format":"standard","meta":{"footnotes":""},"categories":[],"tags":[85824,4751,36,571,3017,669,12597,17525,107],"class_list":["post-86778","post","type-post","status-publish","format-standard","hentry","tag-alassio","tag-condotta","tag-cultura","tag-domenica","tag-giornalisti","tag-manifestazione","tag-monica-zioni","tag-sci-di-fondo","tag-turismo","post_cat_citta-alassio","post_cat_citta-andora"],"amp_validity":null,"amp_enabled":true,"_links":{"self":[{"href":"https:\/\/staging.ivg.it\/ediapi\/wp\/v2\/posts\/86778","targetHints":{"allow":["GET"]}}],"collection":[{"href":"https:\/\/staging.ivg.it\/ediapi\/wp\/v2\/posts"}],"about":[{"href":"https:\/\/staging.ivg.it\/ediapi\/wp\/v2\/types\/post"}],"author":[{"embeddable":true,"href":"https:\/\/staging.ivg.it\/ediapi\/wp\/v2\/users\/13744"}],"replies":[{"embeddable":true,"href":"https:\/\/staging.ivg.it\/ediapi\/wp\/v2\/comments?post=86778"}],"version-history":[{"count":0,"href":"https:\/\/staging.ivg.it\/ediapi\/wp\/v2\/posts\/86778\/revisions"}],"wp:attachment":[{"href":"https:\/\/staging.ivg.it\/ediapi\/wp\/v2\/media?parent=86778"}],"wp:term":[{"taxonomy":"category","embeddable":true,"href":"https:\/\/staging.ivg.it\/ediapi\/wp\/v2\/categories?post=86778"},{"taxonomy":"post_tag","embeddable":true,"href":"https:\/\/staging.ivg.it\/ediapi\/wp\/v2\/tags?post=86778"}],"curies":[{"name":"wp","href":"https:\/\/api.w.org\/{rel}","templated":true}]}}