{"id":86586,"date":"2010-04-12T10:16:43","date_gmt":"2010-04-12T08:16:43","guid":{"rendered":"http:\/\/www.ivg.it\/?p=86586"},"modified":"2010-04-12T12:08:32","modified_gmt":"2010-04-12T10:08:32","slug":"geopolitica-domani-al-campus-inaugura-il-limes-club-savona","status":"publish","type":"post","link":"https:\/\/staging.ivg.it\/2010\/04\/geopolitica-domani-al-campus-inaugura-il-limes-club-savona\/","title":{"rendered":"Geopolitica: domani al Campus inaugura il Limes Club Savona"},"content":{"rendered":"<p><strong>Savona<\/strong>. L&#8217;assessorato alla Cooperazione Internazionale della Provincia di Savona, in collaborazione con il Centro di Documentazione &#8220;Libromondo&#8221;, &#8220;Limes&#8221; Rivista Italiana di Geopolitica, Spes, Anolf, Cooperativa Onlus &#8220;Bottega della Solidariet\u00e0&#8221; di Savona, invita la cittadinanza a partecipare alla conferenza di inaugurazione del Limes Club Savona.<\/p>\n<p>All&#8217;evento, che si terr\u00e0 domani, alle 17, presso il Campus Universitario di Savona, Palazzina Branca, aula B2, saranno presenti il Presidente della Provincia Angelo Vaccarezza che porter\u00e0 i suoi saluti e il relatore Fabrizio Maronta, redattore di &#8220;Limes&#8221; Rivista italiana di geopolitica, Managing editor di Heartland \u2013 Eurasian Review of Geopolitics e docente di Geografia politica ed economica all&#8217;Universit\u00e0 Roma Tre.<\/p>\n<p>Maronta presenter\u00e0 il numero di aprile della Rivista &#8220;Limes&#8221; dal titolo: &#8220;Afghanistan Addio!&#8221;. A seguire, presso i locali del Centro di documentazione a valenza regionale &#8220;Libromondo&#8221;, sempre presso la Palazzina Branca del Campus Universitario, sar\u00e0 inaugurato il Limes Club Savona e sar\u00e0 offerto un aperitivo con prodotti del commercio equo e solidale, a cura della \u201cBottega della Solidariet\u00e0\u201d.<\/p>\n<p>Limes, rivista italiana di geopolitica, diretta da Lucio Caracciolo, \u00e8 stata fondata nel 1993 e si \u00e8 ormai affermata come uno dei pi\u00f9 influenti e autorevoli luoghi di riflessione geopolitica in Europa. La data di fondazione \u00e8 gi\u00e0 in s\u00e9 significativa: Limes nasce subito dopo il crollo del Muro di Berlino e dell&#8217;Unione Sovietica, in una fase di straordinari cambiamenti geopolitici in Europa e nel mondo.<\/p>\n<p>Il Limes Club Savona nasce con l&#8217;intento di offrire un un punto di discussione per i lettori della rivista \u201cLimes\u201d, al fine di approfondire le tematiche e favorire l&#8217;incontro e lo scambio di opinioni tra persone sulle tematiche di geopolitica internazionale. Periodicamente saranno organizzati momenti di approfondimento per dibattere su questioni di attualit\u00e0.<\/p>\n<p>Il club avr\u00e0 la sua sede presso il Centro di Documentazione a valenza regionale \u201cLibromondo\u201d, presso il Campus Universitario di Savona. La scelta della sede ha come obiettivi: l&#8217;offerta di un servizio agli studenti universitari e ai volontari delle associazioni savonesi interessati alle tematiche internazionali e l&#8217;ampliamento delle attivit\u00e0 di \u201cLibromondo\u201d che \u00e8 un Centro documentazione tematico su Pace, Ambiente, Intercultura e Cooperazione Internazionale, nato nel 2006 in convenzione e collaborazione tra AIFO \u2013 Gruppo di Savona \u2013 e la Provincia di Savona.<\/p>\n","protected":false},"excerpt":{"rendered":"<p>Savona. L&#8217;assessorato alla Cooperazione Internazionale della Provincia di Savona, in collaborazione con il Centro di Documentazione &#8220;Libromondo&#8221;, &#8220;Limes&#8221; Rivista Italiana di Geopolitica, Spes, Anolf, Cooperativa Onlus &#8220;Bottega della Solidariet\u00e0&#8221; di Savona, invita la cittadinanza a partecipare alla conferenza di inaugurazione del Limes Club Savona. All&#8217;evento, che si terr\u00e0 domani, alle 17, presso il Campus Universitario [&hellip;]<\/p>\n","protected":false},"author":13744,"featured_media":0,"comment_status":"open","ping_status":"closed","sticky":false,"template":"","format":"standard","meta":{"footnotes":""},"categories":[],"tags":[2317,1828,6783,14747,9994,85850,7020],"class_list":["post-86586","post","type-post","status-publish","format-standard","hentry","tag-angelo-vaccarezza","tag-campus","tag-campus-universitario-di-savona","tag-libromondo","tag-provincia-di-savona","tag-savona","tag-spes","post_cat_citta-savona"],"amp_validity":null,"amp_enabled":true,"_links":{"self":[{"href":"https:\/\/staging.ivg.it\/ediapi\/wp\/v2\/posts\/86586","targetHints":{"allow":["GET"]}}],"collection":[{"href":"https:\/\/staging.ivg.it\/ediapi\/wp\/v2\/posts"}],"about":[{"href":"https:\/\/staging.ivg.it\/ediapi\/wp\/v2\/types\/post"}],"author":[{"embeddable":true,"href":"https:\/\/staging.ivg.it\/ediapi\/wp\/v2\/users\/13744"}],"replies":[{"embeddable":true,"href":"https:\/\/staging.ivg.it\/ediapi\/wp\/v2\/comments?post=86586"}],"version-history":[{"count":0,"href":"https:\/\/staging.ivg.it\/ediapi\/wp\/v2\/posts\/86586\/revisions"}],"wp:attachment":[{"href":"https:\/\/staging.ivg.it\/ediapi\/wp\/v2\/media?parent=86586"}],"wp:term":[{"taxonomy":"category","embeddable":true,"href":"https:\/\/staging.ivg.it\/ediapi\/wp\/v2\/categories?post=86586"},{"taxonomy":"post_tag","embeddable":true,"href":"https:\/\/staging.ivg.it\/ediapi\/wp\/v2\/tags?post=86586"}],"curies":[{"name":"wp","href":"https:\/\/api.w.org\/{rel}","templated":true}]}}