{"id":86432,"date":"2010-04-09T17:36:45","date_gmt":"2010-04-09T15:36:45","guid":{"rendered":"http:\/\/www.ivg.it\/?p=86432"},"modified":"2010-04-10T07:47:08","modified_gmt":"2010-04-10T05:47:08","slug":"carceri-liguri-sappe-superato-il-numero-massimo-tollerabile-di-detenuti","status":"publish","type":"post","link":"https:\/\/staging.ivg.it\/2010\/04\/carceri-liguri-sappe-superato-il-numero-massimo-tollerabile-di-detenuti\/","title":{"rendered":"Carceri liguri, Sappe: &#8220;Superato il numero tollerabile di detenuti&#8221;"},"content":{"rendered":"<p><strong>Liguria. <\/strong>E&#8217; una situazione potenzialmente esplosiva quella delle carceri liguri. A denunciarlo \u00e8 il segretario nazionale del Sappe, Roberto Martinelli, che dichiara: &#8220;I detenuti hanno superato la ricettivit\u00e0 massima tollerabile delle strutture e ogni giorno si aggravano di pi\u00f9 le gravi condizioni di lavoro del personale della polizia penitenziaria, nettamente sotto organico&#8221;.<\/p>\n<p>&#8220;Al 31 marzo erano presenti in Liguria ben 1.738 detenuti, record storico mai registrato neppure ai tempi immediatamente precedenti all&#8217;indulto del 2006&#8221; spiega l&#8217;esponente sindacale. I reclusi sono infatti quasi seicento in pi\u00f9 rispetto al tetto massimo, fissato per gli istituti di pena liguri a 1.140. &#8220;La presenza di stranieri in Liguria &#8211; prosegue Martinelli &#8211; si attesta tra il 50 ed il 60% dei presenti. Inoltre registriamo anche la percentuale pi\u00f9 alta, a livello nazionale, di detenuti tossicodipendenti, circa il 40% dei presenti rispetto ad una media nazionale del 25%&#8221;. Un ulteriore record negativo detenuto dalla carceri liguri \u00e8 quello dei detenuti avviati al lavoro: solo il 15% del totale.<\/p>\n<p>&#8220;Questi emblematici dati dovrebbero far comprendere una volta di pi\u00f9 anche ai non addetti ai lavori, ma soprattutto al mondo politico e parlamentare, come i livelli di sicurezza dei nostri penitenziari siano assai limitati e in quali drammatiche e difficili condizioni lavorino le donne e gli uomini della polizia penitenziaria in Liguria&#8221; spiega il segretario del Sappe, rimarcando che l&#8217;organico sia sottodimensionato di oltre 400 unit\u00e0.<\/p>\n<p>&#8220;In questo contesto \u00e8 necessario avere garanzie che il piano carceri del governo trovi una prima urgentissima applicazione, soprattutto per l&#8217;assunzione di duemila agenti di polizia penitenziaria, oltre che per l&#8217;introduzione della possibilit\u00e0 di detenzione domiciliare per chi deve scontare solo un anno di pena residua e la messa in prova delle persone imputabili per reati fino a tre anni, che potranno cos\u00ec svolgere lavori di pubblica utilit\u00e0&#8221; conclude infine Martinelli.<\/p>\n","protected":false},"excerpt":{"rendered":"<p>Liguria. E&#8217; una situazione potenzialmente esplosiva quella delle carceri liguri. A denunciarlo \u00e8 il segretario nazionale del Sappe, Roberto Martinelli, che dichiara: &#8220;I detenuti hanno superato la ricettivit\u00e0 massima tollerabile delle strutture e ogni giorno si aggravano di pi\u00f9 le gravi condizioni di lavoro del personale della polizia penitenziaria, nettamente sotto organico&#8221;. &#8220;Al 31 marzo [&hellip;]<\/p>\n","protected":false},"author":13744,"featured_media":0,"comment_status":"open","ping_status":"closed","sticky":false,"template":"","format":"standard","meta":{"footnotes":""},"categories":[],"tags":[2394,2661,393,2879,6136,85850,1545],"class_list":["post-86432","post","type-post","status-publish","format-standard","hentry","tag-carcere","tag-detenuti","tag-liguria","tag-polizia-penitenziaria","tag-sappe","tag-savona","tag-sindacato","post_cat_citta-andora","post_cat_citta-savona"],"amp_validity":null,"amp_enabled":true,"_links":{"self":[{"href":"https:\/\/staging.ivg.it\/ediapi\/wp\/v2\/posts\/86432","targetHints":{"allow":["GET"]}}],"collection":[{"href":"https:\/\/staging.ivg.it\/ediapi\/wp\/v2\/posts"}],"about":[{"href":"https:\/\/staging.ivg.it\/ediapi\/wp\/v2\/types\/post"}],"author":[{"embeddable":true,"href":"https:\/\/staging.ivg.it\/ediapi\/wp\/v2\/users\/13744"}],"replies":[{"embeddable":true,"href":"https:\/\/staging.ivg.it\/ediapi\/wp\/v2\/comments?post=86432"}],"version-history":[{"count":0,"href":"https:\/\/staging.ivg.it\/ediapi\/wp\/v2\/posts\/86432\/revisions"}],"wp:attachment":[{"href":"https:\/\/staging.ivg.it\/ediapi\/wp\/v2\/media?parent=86432"}],"wp:term":[{"taxonomy":"category","embeddable":true,"href":"https:\/\/staging.ivg.it\/ediapi\/wp\/v2\/categories?post=86432"},{"taxonomy":"post_tag","embeddable":true,"href":"https:\/\/staging.ivg.it\/ediapi\/wp\/v2\/tags?post=86432"}],"curies":[{"name":"wp","href":"https:\/\/api.w.org\/{rel}","templated":true}]}}