{"id":86420,"date":"2010-04-09T15:41:10","date_gmt":"2010-04-09T13:41:10","guid":{"rendered":"http:\/\/www.ivg.it\/?p=86420"},"modified":"2010-04-09T18:06:22","modified_gmt":"2010-04-09T16:06:22","slug":"regione-burlando-confermo-che-i-conti-della-sanita-sono-a-posto","status":"publish","type":"post","link":"https:\/\/staging.ivg.it\/2010\/04\/regione-burlando-confermo-che-i-conti-della-sanita-sono-a-posto\/","title":{"rendered":"Regione, Burlando: &#8220;Confermo che i conti della sanit\u00e0 sono a posto&#8221;"},"content":{"rendered":"<p><strong>Regione<\/strong>. &#8220;Confermo che i conti della sanit\u00e0 sono a posto, chiudiamo quelli del 2009 assolutamente in ordine&#8221;. A dichiararlo \u00e8 il presidente della Regione Claudio Burlando che sulla sanit\u00e0 ha aggiunto: &#8220;Il Governo per il 2010 ha fatto per\u00f2 un taglio che noi riteniamo ingiustificato anche in ragione della popolazione anziana che ha la Liguria&#8221;.<\/p>\n<p>Il presidente della Regione Claudio Burlando \u00e8 tornato sul tema dei conti della sanit\u00e0 prendendo le mosse dall&#8217;iniziativa dell&#8217;ex assessore alla Salute, Claudio Montaldo, che ha convocato i direttori delle Asl liguri per parlare proprio di questo argomento. &#8220;Mi auguro che il Governo voglia rivedere questa posizione &#8211; ha detto Burlando &#8211; perch\u00e9 \u00e8 assolutamente giusto che una popolazione anziana abbia pi\u00f9 risorse. Se il Governo garantir\u00e0 nei prossimi anni le risorse giuste semplicemente con un aumento del costo della vita come ha fatto fino all&#8217;anno scorso i conti continueranno ad essere in ordine&#8221;.<\/p>\n","protected":false},"excerpt":{"rendered":"<p>Regione. &#8220;Confermo che i conti della sanit\u00e0 sono a posto, chiudiamo quelli del 2009 assolutamente in ordine&#8221;. A dichiararlo \u00e8 il presidente della Regione Claudio Burlando che sulla sanit\u00e0 ha aggiunto: &#8220;Il Governo per il 2010 ha fatto per\u00f2 un taglio che noi riteniamo ingiustificato anche in ragione della popolazione anziana che ha la Liguria&#8221;. [&hellip;]<\/p>\n","protected":false},"author":5,"featured_media":0,"comment_status":"open","ping_status":"closed","sticky":false,"template":"","format":"standard","meta":{"footnotes":""},"categories":[34,31],"tags":[284,295,111],"class_list":["post-86420","post","type-post","status-publish","format-standard","hentry","category-cronaca","category-politica","tag-claudio-burlando","tag-regione","tag-sanita","post_cat_citta-andora"],"amp_validity":null,"amp_enabled":true,"_links":{"self":[{"href":"https:\/\/staging.ivg.it\/ediapi\/wp\/v2\/posts\/86420","targetHints":{"allow":["GET"]}}],"collection":[{"href":"https:\/\/staging.ivg.it\/ediapi\/wp\/v2\/posts"}],"about":[{"href":"https:\/\/staging.ivg.it\/ediapi\/wp\/v2\/types\/post"}],"author":[{"embeddable":true,"href":"https:\/\/staging.ivg.it\/ediapi\/wp\/v2\/users\/5"}],"replies":[{"embeddable":true,"href":"https:\/\/staging.ivg.it\/ediapi\/wp\/v2\/comments?post=86420"}],"version-history":[{"count":0,"href":"https:\/\/staging.ivg.it\/ediapi\/wp\/v2\/posts\/86420\/revisions"}],"wp:attachment":[{"href":"https:\/\/staging.ivg.it\/ediapi\/wp\/v2\/media?parent=86420"}],"wp:term":[{"taxonomy":"category","embeddable":true,"href":"https:\/\/staging.ivg.it\/ediapi\/wp\/v2\/categories?post=86420"},{"taxonomy":"post_tag","embeddable":true,"href":"https:\/\/staging.ivg.it\/ediapi\/wp\/v2\/tags?post=86420"}],"curies":[{"name":"wp","href":"https:\/\/api.w.org\/{rel}","templated":true}]}}