{"id":85609,"date":"2010-03-28T17:47:44","date_gmt":"2010-03-28T15:47:44","guid":{"rendered":"http:\/\/www.ivg.it\/2010\/03\/28\/caso-movida-albissola-ghigo-non-asseconderemo-scelte-di-questo-tipo\/"},"modified":"2010-03-29T11:15:56","modified_gmt":"2010-03-29T09:15:56","slug":"caso-movida-albissola-ghigo-non-asseconderemo-scelte-di-questo-tipo","status":"publish","type":"post","link":"https:\/\/staging.ivg.it\/2010\/03\/caso-movida-albissola-ghigo-non-asseconderemo-scelte-di-questo-tipo\/","title":{"rendered":"Caso movida-Albissola, Ghigo: &#8220;Non asseconderemo scelte di questo tipo&#8221;"},"content":{"rendered":"<p><strong>Albisola S.<\/strong> &#8220;Impensabile per la nostra Giunta una soluzione cosi drastica come ad Albissola Marina&#8221;. E&#8217; questo il commento dell&#8217;assessore al turismo, commercio e attivit\u00e0 produttive del Comune di Albisola Superiore Christian Ghigo Gaspari sulla decisione dell&#8217;amministrazione comunale di Albissola Mare di anticipare di due ore la chiusura dei locali.<\/p>\n<p>&#8220;La chiusura di tutti gli esercizi alle 2 intaccher\u00e0 tutte le dinamiche commerciali presenti sul loro territorio creando un vuoto che noi siamo pronti a colmare. Le strategie di gestione del territorio sono le uniche possibilit\u00e0 per trovare il giusto equilibrio tra il sostegno al commercio ed alle imprese e quindi allo sviluppo economico&#8221; prosegue l&#8217;assessore di Albisola.<\/p>\n<p>&#8220;Inibire le attivit\u00e0 con restrizioni cosi pesanti vuol dire uccidere il tessuto commerciale. E&#8217; indiscutibile che i flussi che arrivano nel week end portino delle<br \/>\nproblematiche, ma esistono anche metodi per gestirli e noi stiamo puntando su questo salvaguardando sia il &#8216;popolo della notte&#8217; che i residenti ed i turisti e su tale impostazione le aziende devono partecipare in modo collaborativo alle iniziative dell&#8217;Amministrazione. In ogni caso, un comune che si definisce turistico (e che non ha inoltre altre alternative di sviluppo) non puo permettersi di perdere o intaccare un sistema economico consolidato&#8221; aggiunge Ghigo.<\/p>\n<p>&#8220;Collaboriamo con Albissola Marina su molte iniziative, ma non intendiamo assecondare le scelte di questo tipo. L&#8217;Assessorato alle Attivit\u00e0 Produttive sta lavorando inoltre, proprio allo sviluppo economico delle imprese turistico commerciali e presto partir\u00e0 una convenzione per agevolare la creazione di nuove imprese sul territorio con grandi opportunit\u00e0 di risorse a fondo perduto in collaborazione con Bic Liguria Ascom e Carisa, per cui siamo pronti ad accogliere tutte le iniziative imprenditoriali che diano sviluppo al nostro territorio anche provenienti dai territori a noi vicini&#8221; conclude l&#8217;assessore al commercio di Albisola Superiore.<\/p>\n","protected":false},"excerpt":{"rendered":"<p>Albisola S. &#8220;Impensabile per la nostra Giunta una soluzione cosi drastica come ad Albissola Marina&#8221;. E&#8217; questo il commento dell&#8217;assessore al turismo, commercio e attivit\u00e0 produttive del Comune di Albisola Superiore Christian Ghigo Gaspari sulla decisione dell&#8217;amministrazione comunale di Albissola Mare di anticipare di due ore la chiusura dei locali. &#8220;La chiusura di tutti gli [&hellip;]<\/p>\n","protected":false},"author":13744,"featured_media":0,"comment_status":"open","ping_status":"closed","sticky":false,"template":"","format":"standard","meta":{"footnotes":""},"categories":[31],"tags":[86016,86007,11776,4310,2616,9967,1978],"class_list":["post-85609","post","type-post","status-publish","format-standard","hentry","category-politica","tag-albisola-superiore","tag-albissola-marina","tag-christian-ghigo-gaspari","tag-esercizi-pubblici","tag-locali","tag-movida","tag-ordinanza","post_cat_citta-albisola-superiore","post_cat_citta-albissola-marina"],"amp_validity":null,"amp_enabled":true,"_links":{"self":[{"href":"https:\/\/staging.ivg.it\/ediapi\/wp\/v2\/posts\/85609","targetHints":{"allow":["GET"]}}],"collection":[{"href":"https:\/\/staging.ivg.it\/ediapi\/wp\/v2\/posts"}],"about":[{"href":"https:\/\/staging.ivg.it\/ediapi\/wp\/v2\/types\/post"}],"author":[{"embeddable":true,"href":"https:\/\/staging.ivg.it\/ediapi\/wp\/v2\/users\/13744"}],"replies":[{"embeddable":true,"href":"https:\/\/staging.ivg.it\/ediapi\/wp\/v2\/comments?post=85609"}],"version-history":[{"count":0,"href":"https:\/\/staging.ivg.it\/ediapi\/wp\/v2\/posts\/85609\/revisions"}],"wp:attachment":[{"href":"https:\/\/staging.ivg.it\/ediapi\/wp\/v2\/media?parent=85609"}],"wp:term":[{"taxonomy":"category","embeddable":true,"href":"https:\/\/staging.ivg.it\/ediapi\/wp\/v2\/categories?post=85609"},{"taxonomy":"post_tag","embeddable":true,"href":"https:\/\/staging.ivg.it\/ediapi\/wp\/v2\/tags?post=85609"}],"curies":[{"name":"wp","href":"https:\/\/api.w.org\/{rel}","templated":true}]}}