{"id":85553,"date":"2010-03-26T15:01:17","date_gmt":"2010-03-26T14:01:17","guid":{"rendered":"http:\/\/www.ivg.it\/?p=85553"},"modified":"2010-03-27T09:21:14","modified_gmt":"2010-03-27T08:21:14","slug":"albenga-foto-di-tabba-al-point-della-lega-pd-allattacco","status":"publish","type":"post","link":"https:\/\/staging.ivg.it\/2010\/03\/albenga-foto-di-tabba-al-point-della-lega-pd-allattacco\/","title":{"rendered":"&#8220;Tabb\u00f2 non pu\u00f2 entrare&#8221;: foto al point della Lega, Pd all&#8217;attacco"},"content":{"rendered":"<p><strong>Albenga.<\/strong> &#8220;Vedere che nel point della Lega sia esposta una foto del sindaco Tabb\u00f2 con la nota frase \u201cio non posso entrare\u201d \u00e8 una cosa assai triste e nel contempo grave&#8221;. Inizia cos\u00ec la nota del Pd albenganese che commenta l&#8217;esposizione di un cartello col primo piano dell&#8217;attuale sindaco ingauno &#8220;indicandolo&#8221; come persona sgradita all&#8217;interno del point dell&#8217;avversario Rosy Guarnieri.<\/p>\n<p>&#8220;Tabb\u00f2 \u00e8 oggi sindaco di Albenga e in quella veste, con la fascia tricolore, \u00e8 stata usata inopportunamente la sua foto &#8211; prosegue la nota del Pd -, e secondariamente, cosa ancor pi\u00f9 pesante, perch\u00e9 rievoca alla nostra memoria tempi in cui\u00a0 questi cartelli erano davvero esposti per discriminare persone e comunit\u00e0&#8221;.<\/p>\n<p>&#8220;Credevamo che questo modo di far politica appartenesse alle pagine pi\u00f9 buie e pi\u00f9 tristi della nostra storia e invece vediamo che sono riesumate proprio da chi ambisce al governo della citt\u00e0&#8221;.<\/p>\n","protected":false},"excerpt":{"rendered":"<p>Albenga. &#8220;Vedere che nel point della Lega sia esposta una foto del sindaco Tabb\u00f2 con la nota frase \u201cio non posso entrare\u201d \u00e8 una cosa assai triste e nel contempo grave&#8221;. Inizia cos\u00ec la nota del Pd albenganese che commenta l&#8217;esposizione di un cartello col primo piano dell&#8217;attuale sindaco ingauno &#8220;indicandolo&#8221; come persona sgradita all&#8217;interno [&hellip;]<\/p>\n","protected":false},"author":5,"featured_media":0,"comment_status":"open","ping_status":"closed","sticky":false,"template":"","format":"standard","meta":{"footnotes":""},"categories":[31],"tags":[85841,853,3184,85831,6607,4381],"class_list":["post-85553","post","type-post","status-publish","format-standard","hentry","category-politica","tag-albenga","tag-albenganese","tag-comunita","tag-politica","tag-rosy-guarnieri","tag-tabbo","post_cat_citta-albenga","post_cat_citta-andora"],"amp_validity":null,"amp_enabled":true,"_links":{"self":[{"href":"https:\/\/staging.ivg.it\/ediapi\/wp\/v2\/posts\/85553","targetHints":{"allow":["GET"]}}],"collection":[{"href":"https:\/\/staging.ivg.it\/ediapi\/wp\/v2\/posts"}],"about":[{"href":"https:\/\/staging.ivg.it\/ediapi\/wp\/v2\/types\/post"}],"author":[{"embeddable":true,"href":"https:\/\/staging.ivg.it\/ediapi\/wp\/v2\/users\/5"}],"replies":[{"embeddable":true,"href":"https:\/\/staging.ivg.it\/ediapi\/wp\/v2\/comments?post=85553"}],"version-history":[{"count":0,"href":"https:\/\/staging.ivg.it\/ediapi\/wp\/v2\/posts\/85553\/revisions"}],"wp:attachment":[{"href":"https:\/\/staging.ivg.it\/ediapi\/wp\/v2\/media?parent=85553"}],"wp:term":[{"taxonomy":"category","embeddable":true,"href":"https:\/\/staging.ivg.it\/ediapi\/wp\/v2\/categories?post=85553"},{"taxonomy":"post_tag","embeddable":true,"href":"https:\/\/staging.ivg.it\/ediapi\/wp\/v2\/tags?post=85553"}],"curies":[{"name":"wp","href":"https:\/\/api.w.org\/{rel}","templated":true}]}}