{"id":85464,"date":"2010-03-25T10:23:04","date_gmt":"2010-03-25T09:23:04","guid":{"rendered":"http:\/\/www.ivg.it\/2010\/03\/25\/comunali-albenga-il-senatore-bornacin-pdl-raccomanda-maccarrone\/"},"modified":"2010-03-25T10:23:04","modified_gmt":"2010-03-25T09:23:04","slug":"comunali-albenga-il-senatore-bornacin-pdl-raccomanda-maccarrone","status":"publish","type":"post","link":"https:\/\/staging.ivg.it\/2010\/03\/comunali-albenga-il-senatore-bornacin-pdl-raccomanda-maccarrone\/","title":{"rendered":"Comunali Albenga: il senatore Bornacin (PdL) &#8220;raccomanda&#8221; Maccarrone"},"content":{"rendered":"<p><strong>Albenga.<\/strong> Con una lettera inviata in questi giorni agli elettori di Albenga, anche il Senatore Giorgio Bornacin del Popolo della Libert\u00e0 scende in campo per le imminenti elezioni comunali, per sostenere l&#8217;amico Antonino Maccarrone, candidato nella lista del Popolo della Libert\u00e0 a sostegno di Rosy Guarnieri Sindaco.<\/p>\n<p>Gi\u00e0 consigliere comunale nella citt\u00e0 tra le fila di Alleanza Nazionale, il sen. Bornacin ha sempre mantenuto saldi rapporti con il territorio ingauno. Per questo motivo, si legge nella missiva rivolta agli albenganesi, &#8220;come senatore quindi e come ex consigliere comunale conosco i problemi della vostra cittadina dal centro alle frazioni anche per aver indetto e partecipato a numerosissime manifestazioni riguardanti soprattutto la sicurezza&#8221;.<\/p>\n<p>Quindi, l&#8217;invito a votare la coalizione di centrodestra a sostegno del Candidato Sindaco Rosy Guarnieri, esprimendo la preferenza a Maccarrone: &#8220;Ad Antonino mi uniscono anni di battaglie comuni &#8211; scrive Bornacin &#8211; e quindi conosco bene la sua capacit\u00e0 di impegnarsi e di combattere per una giusta causa, la sua fedelt\u00e0 ai valori della famiglia e della tradizione cattolica Italiana ed Europea. Conosco anche la sua capacit\u00e0 di ascolto e di attenzione ai problemi delle singole persone&#8221;.<\/p>\n","protected":false},"excerpt":{"rendered":"<p>Albenga. Con una lettera inviata in questi giorni agli elettori di Albenga, anche il Senatore Giorgio Bornacin del Popolo della Libert\u00e0 scende in campo per le imminenti elezioni comunali, per sostenere l&#8217;amico Antonino Maccarrone, candidato nella lista del Popolo della Libert\u00e0 a sostegno di Rosy Guarnieri Sindaco. Gi\u00e0 consigliere comunale nella citt\u00e0 tra le fila [&hellip;]<\/p>\n","protected":false},"author":13744,"featured_media":0,"comment_status":"open","ping_status":"closed","sticky":false,"template":"","format":"standard","meta":{"footnotes":""},"categories":[31],"tags":[85841,3171,521,216,6607],"class_list":["post-85464","post","type-post","status-publish","format-standard","hentry","category-politica","tag-albenga","tag-elezioni-comunali","tag-lettera","tag-pdl","tag-rosy-guarnieri","post_cat_citta-albenga"],"amp_validity":null,"amp_enabled":true,"_links":{"self":[{"href":"https:\/\/staging.ivg.it\/ediapi\/wp\/v2\/posts\/85464","targetHints":{"allow":["GET"]}}],"collection":[{"href":"https:\/\/staging.ivg.it\/ediapi\/wp\/v2\/posts"}],"about":[{"href":"https:\/\/staging.ivg.it\/ediapi\/wp\/v2\/types\/post"}],"author":[{"embeddable":true,"href":"https:\/\/staging.ivg.it\/ediapi\/wp\/v2\/users\/13744"}],"replies":[{"embeddable":true,"href":"https:\/\/staging.ivg.it\/ediapi\/wp\/v2\/comments?post=85464"}],"version-history":[{"count":0,"href":"https:\/\/staging.ivg.it\/ediapi\/wp\/v2\/posts\/85464\/revisions"}],"wp:attachment":[{"href":"https:\/\/staging.ivg.it\/ediapi\/wp\/v2\/media?parent=85464"}],"wp:term":[{"taxonomy":"category","embeddable":true,"href":"https:\/\/staging.ivg.it\/ediapi\/wp\/v2\/categories?post=85464"},{"taxonomy":"post_tag","embeddable":true,"href":"https:\/\/staging.ivg.it\/ediapi\/wp\/v2\/tags?post=85464"}],"curies":[{"name":"wp","href":"https:\/\/api.w.org\/{rel}","templated":true}]}}