{"id":85340,"date":"2010-03-23T10:45:26","date_gmt":"2010-03-23T09:45:26","guid":{"rendered":"http:\/\/www.ivg.it\/2010\/03\/23\/albenga-marecomics-le-donne-viste-da-dario-cassini\/"},"modified":"2010-03-23T11:44:35","modified_gmt":"2010-03-23T10:44:35","slug":"albenga-marecomics-le-donne-viste-da-dario-cassini","status":"publish","type":"post","link":"https:\/\/staging.ivg.it\/2010\/03\/albenga-marecomics-le-donne-viste-da-dario-cassini\/","title":{"rendered":"Albenga, Marecomics: le donne viste da Dario Cassini"},"content":{"rendered":"<p><strong>Albenga<\/strong>. &#8220;Marecomics &#8211; Risate anticrisi&#8221;, la rassegna teatrale con i comici della tv organizzata dell&#8217;Associazione culturale &#8220;MarEventi&#8221; in collaborazione con il Comune di Albenga e con il patrocinio della Provincia di Savona, continua.<\/p>\n<p>Dopo il grande successo dei primi due appuntamenti con Fabrizio Casalino, Enrique Balbontin e Andrea Ceccon il teatro Ambra di Albenga sabato 27 Marzo avr\u00e0 il piacere di ospitare Dario Cassini con il suo ultimo spettacolo: &#8220;Il mondo \u00e8 donna. Porco Mondo!&#8221;. Il comico, diventato colonna portante durante le ultime edizioni di Zelig, coinvolger\u00e0 e incalzer\u00e0 il pubblico durante il suo spettacolo, talvolta deridendolo o provocandolo apertamente. Lo spettacolo \u00e8 una mitraglia di battute impietose e irresistibili indirizzate soprattutto nei confronti dell&#8217;universo femminile con i suoi tic e le sue manie, che diventeranno nel corso della serata bersaglio irrinunciabile della comicit\u00e0 sfrontata del comico.<\/p>\n<p>Una comicit\u00e0, quella di Cassini, che diverte senza mai scadere nella volgarit\u00e0 e che intrattiene regalando momenti di amabile insolenza I biglietti dello spettacolo sono ancora disponibili in prevendita presso lo &#8220;Studio fotografico Mario Rossello&#8221; in viale Pontelungo 24 ad Albenga. L&#8217;ingresso intero per i posti in platea costa 16euro, quello in galleria 12 mentre i ridotti costano rispettivamente 12 e 8euro. E&#8217; ancora possibile acquistare anche la formula di abbonamento:<br \/>\nL\u2019iniziativa proseguir\u00e0 fino al 28 Maggio e vedr\u00e0 esibirsi anche: venerd\u00ec 16 Aprile, \u201cBianchi e Pulci\u201d, 30 Aprile \u201cPino &amp; gli Anticorpi\u201d, 14 Maggio Angelo Pisani e il 28 Maggio Katia e Valeria.<\/p>\n","protected":false},"excerpt":{"rendered":"<p>Albenga. &#8220;Marecomics &#8211; Risate anticrisi&#8221;, la rassegna teatrale con i comici della tv organizzata dell&#8217;Associazione culturale &#8220;MarEventi&#8221; in collaborazione con il Comune di Albenga e con il patrocinio della Provincia di Savona, continua. Dopo il grande successo dei primi due appuntamenti con Fabrizio Casalino, Enrique Balbontin e Andrea Ceccon il teatro Ambra di Albenga sabato [&hellip;]<\/p>\n","protected":false},"author":13744,"featured_media":0,"comment_status":"open","ping_status":"closed","sticky":false,"template":"","format":"standard","meta":{"footnotes":""},"categories":[],"tags":[85841,5160,20363,16699,20434,18343,9650,110,11242],"class_list":["post-85340","post","type-post","status-publish","format-standard","hentry","tag-albenga","tag-biglietti","tag-cinema-ambra","tag-comico","tag-dario-cassini","tag-marecomics","tag-mareventi","tag-spettacolo","tag-zelig","post_cat_citta-albenga"],"amp_validity":null,"amp_enabled":true,"_links":{"self":[{"href":"https:\/\/staging.ivg.it\/ediapi\/wp\/v2\/posts\/85340","targetHints":{"allow":["GET"]}}],"collection":[{"href":"https:\/\/staging.ivg.it\/ediapi\/wp\/v2\/posts"}],"about":[{"href":"https:\/\/staging.ivg.it\/ediapi\/wp\/v2\/types\/post"}],"author":[{"embeddable":true,"href":"https:\/\/staging.ivg.it\/ediapi\/wp\/v2\/users\/13744"}],"replies":[{"embeddable":true,"href":"https:\/\/staging.ivg.it\/ediapi\/wp\/v2\/comments?post=85340"}],"version-history":[{"count":0,"href":"https:\/\/staging.ivg.it\/ediapi\/wp\/v2\/posts\/85340\/revisions"}],"wp:attachment":[{"href":"https:\/\/staging.ivg.it\/ediapi\/wp\/v2\/media?parent=85340"}],"wp:term":[{"taxonomy":"category","embeddable":true,"href":"https:\/\/staging.ivg.it\/ediapi\/wp\/v2\/categories?post=85340"},{"taxonomy":"post_tag","embeddable":true,"href":"https:\/\/staging.ivg.it\/ediapi\/wp\/v2\/tags?post=85340"}],"curies":[{"name":"wp","href":"https:\/\/api.w.org\/{rel}","templated":true}]}}