{"id":84677,"date":"2010-03-10T16:28:29","date_gmt":"2010-03-10T15:28:29","guid":{"rendered":"http:\/\/www.ivg.it\/2010\/03\/10\/fior-dalbenga-botta-e-risposta-tra-bessone-pdl-e-lass-damonte\/"},"modified":"2010-03-11T08:30:46","modified_gmt":"2010-03-11T07:30:46","slug":"fior-dalbenga-botta-e-risposta-tra-bessone-pdl-e-lass-damonte","status":"publish","type":"post","link":"https:\/\/staging.ivg.it\/2010\/03\/fior-dalbenga-botta-e-risposta-tra-bessone-pdl-e-lass-damonte\/","title":{"rendered":"Polemiche su &#8220;Fior d&#8217;Albenga&#8221;: botta e risposta tra Bessone (Pdl) e l&#8217;ass. Damonte"},"content":{"rendered":"<p><strong>Albenga. <\/strong>L&#8217;affidamento della cura delle aiuola in occasione della prossima edizione di &#8220;Fior d&#8217;Albenga&#8221; scalda la campagna elettorale ingauna. A prendere posizione contro la scelta della giunta di appaltare ad una azienda di Borghetto il verde pubblico \u00e8 Enrico Bessone, candidato del Pdl, che tuona: &#8220;Il bene comune della citt\u00e0 diventa cos\u00ec il bene personale di un singolo. E&#8217; vergognoso che questa manifestazione cittadina da sempre considerata come una iniziativa &#8216;di forte rilancio dell&#8217;imprenditorialit\u00e0 turistica locale, da attuarsi mediante un&#8217;attivit\u00e0 di valorizzazione delle eccellenze orto-floricole, enologiche e della gastronomia nonch\u00e8 della peculiarit\u00e0 storiche, artistiche e del paesaggio&#8217; (come recita la delibera della giunta) oggi sia diventata una clamorosa marchetta preelettorale al servizio di chi si occupa dei lavori pubblici della citt\u00e0&#8221;.<\/p>\n<p>&#8220;Infatti &#8211; continua Bessone &#8211; il sindaco Tabb\u00f2, attraverso una determina del 3 marzo scorso, ha affidato ad esterni il &#8216;servizio di realizzazione delle aiuole del centro storico per l&#8217;evento Fior d\u00b4Albenga, mediante procedura negoziata&#8217;. Inoltre di sei ditte invitate a partecipare alla gara, secondo quanto previsto per legge, solo due sono di Albenga e, guarda caso, a vincere l&#8217;appalto \u00e8 proprio una ditta esterna alla nostra citt\u00e0&#8221;.<\/p>\n<p>&#8220;Sar\u00e0 un&#8217;azienda agricola di Borghetto che, per 78 mila euro complessivi provveder\u00e0 alla realizzazione delle aiuole fiorite all&#8217;interno del centro storico&#8221; sottolinea ancora l&#8217;esponente del Pdl, ricordando &#8220;le tante edizioni gi\u00e0 organizzate da Floras negli anni passati, ad un costo pari a 26 mila euro&#8221; e affermando poi polemicamente: &#8220;Non sar\u00e0 mica che il sindaco Tabb\u00f2 ha dovuto chinare la testa e rispondere &#8216;signor s\u00ec&#8217; a chi, un po&#8217; a rotazione, ha fatto il suo burattinaio? Prima o poi tutti questi appalti del verde pubblico, gestiti in maniera discutibile e affidati sempre ad aziende agricole esterne, diventeranno schiaffi sonori sulla faccia della giunta di centrosinistra che, inevitabilmente, sar\u00e0 punita alle prossime elezioni amministrative&#8221;.<\/p>\n<p>A stretto giro arriva per\u00f2 la replica dell&#8217;assessore Vincenzo Damonte &#8220;Enrico\u00a0 Bessone sostiene che la manifestazione &#8216;Fior d&#8217;Albenga&#8217; \u00e8 diventata una &#8216;marchetta preelettorale&#8217; e, a suffragio di tale tesi, porta con leggerezza incredibile il fatto che per affidare l\u2019incarico l\u2019amministrazione abbia effettuato una procedura negoziata con 6 ditte &#8211; dichiara l&#8217;esponente della giunta Tabb\u00f2 &#8211; Ma lo sa il signor Enrico Bessone che gli affidamenti della pubblica amministrazione si assegnano tramite gara, oppure anche lui fa parte di quella corrente di pensiero che considera le leggi un freno allo sviluppo economico?&#8221;<\/p>\n<p>&#8220;Lo sa il signor Enrico Bessone &#8211; prosegue poi l&#8217;assessore &#8211; che le norme sono fatte per essere rispettate e solo cos\u00ec sono a garanzia di tutti? Non ha imparato nulla dallo scandalo della cricca che assegnava appalti senza gara, trasformando grandi eventi in grandi vantaggi personali per pochi eletti?&#8221;<\/p>\n<p>&#8220;Suvvia signor Bessone &#8211; aferma poi Damonte &#8211; se davvero vuole iniziare a fare politica con il piede\u00a0 giusto dia retta: lasci stare la virulenza verbale dei cattivi maestri del suo partito nazionale e faccia le sue proposte, lasciandole valutare agli albenganesi&#8221;.<\/p>\n","protected":false},"excerpt":{"rendered":"<p>Albenga. L&#8217;affidamento della cura delle aiuola in occasione della prossima edizione di &#8220;Fior d&#8217;Albenga&#8221; scalda la campagna elettorale ingauna. A prendere posizione contro la scelta della giunta di appaltare ad una azienda di Borghetto il verde pubblico \u00e8 Enrico Bessone, candidato del Pdl, che tuona: &#8220;Il bene comune della citt\u00e0 diventa cos\u00ec il bene personale [&hellip;]<\/p>\n","protected":false},"author":13744,"featured_media":0,"comment_status":"open","ping_status":"closed","sticky":false,"template":"","format":"standard","meta":{"footnotes":""},"categories":[31],"tags":[85841,1454,3171,8464,216,3302],"class_list":["post-84677","post","type-post","status-publish","format-standard","hentry","category-politica","tag-albenga","tag-centrosinistra","tag-elezioni-comunali","tag-fior-dalbenga","tag-pdl","tag-polemica","post_cat_citta-albenga"],"amp_validity":null,"amp_enabled":true,"_links":{"self":[{"href":"https:\/\/staging.ivg.it\/ediapi\/wp\/v2\/posts\/84677","targetHints":{"allow":["GET"]}}],"collection":[{"href":"https:\/\/staging.ivg.it\/ediapi\/wp\/v2\/posts"}],"about":[{"href":"https:\/\/staging.ivg.it\/ediapi\/wp\/v2\/types\/post"}],"author":[{"embeddable":true,"href":"https:\/\/staging.ivg.it\/ediapi\/wp\/v2\/users\/13744"}],"replies":[{"embeddable":true,"href":"https:\/\/staging.ivg.it\/ediapi\/wp\/v2\/comments?post=84677"}],"version-history":[{"count":0,"href":"https:\/\/staging.ivg.it\/ediapi\/wp\/v2\/posts\/84677\/revisions"}],"wp:attachment":[{"href":"https:\/\/staging.ivg.it\/ediapi\/wp\/v2\/media?parent=84677"}],"wp:term":[{"taxonomy":"category","embeddable":true,"href":"https:\/\/staging.ivg.it\/ediapi\/wp\/v2\/categories?post=84677"},{"taxonomy":"post_tag","embeddable":true,"href":"https:\/\/staging.ivg.it\/ediapi\/wp\/v2\/tags?post=84677"}],"curies":[{"name":"wp","href":"https:\/\/api.w.org\/{rel}","templated":true}]}}