{"id":84585,"date":"2010-03-09T11:12:47","date_gmt":"2010-03-09T10:12:47","guid":{"rendered":"http:\/\/www.ivg.it\/2010\/03\/09\/regionali-ciclo-di-incontri-con-i-candidati-del-pdl-a-loano\/"},"modified":"2010-03-09T15:04:59","modified_gmt":"2010-03-09T14:04:59","slug":"regionali-ciclo-di-incontri-con-i-candidati-del-pdl-a-loano","status":"publish","type":"post","link":"https:\/\/staging.ivg.it\/2010\/03\/regionali-ciclo-di-incontri-con-i-candidati-del-pdl-a-loano\/","title":{"rendered":"Regionali, ciclo di incontri con i candidati del Pdl a Loano"},"content":{"rendered":"<p><strong>Loano<\/strong>. Il Coordinamento loanese del Pdl ha presentato il calendario di una serie di incontri che si svolgeranno nei prossimi giorni con tutti i candidati del Popolo della Libert\u00e0 che corrono per il seggio di consigliere regionale alle prossime elezioni.<\/p>\n<p>&#8220;Da sempre crediamo che in democrazia debbano essere eletti coloro che dimostrino di meritarsi la titolarit\u00e0 di una rappresentanza in qualsiasi istituzione. Questi incontri saranno una genuina occasione democratica per i nostri concittadini di conoscere i candidati senza partigianerie alcune e ai candidati di presentare le loro proposte particolari compatibilmente con il programma generale della coalizione &#8216;Biasotti Presidente&#8217;. Naturalmente gli incontri sono aperti a tutti gli elettori senza alcuna distinzione&#8221; spiegano Giovanni Battista Cepollina  e Mauro Greco, rispettivamente Coordinatore e vice coordinatore del Pdl Loano.<\/p>\n<p>Di seguito il calendario degli incontri. Venerd\u00ec 12 marzo, presso il point elettorale di Via Cavour, alle 17 toccher\u00e0 ad Angelo Barbero; luned\u00ec 15, alle 19, presso il Pattinaggio Skating Club (viale Libia), sar\u00e0 la volta di Pietro Balestra; gioved\u00ec 18, alle 18, sempre presso il Pattinaggio Skating club arriver\u00e0 invece Rosavio Bellasio; venerd\u00ec 19, alle 18,30, presso il point elettorale di via Cavour si presenter\u00e0 invece Marco Melgrati.<\/p>\n<p>Ultimi due appuntamenti con Roberta Gasco, presso il point, in data ancora da definire e, luned\u00ec 22, alle 18,30, sempre in via Cavour, con Filippo Marino. Per informazioni 340 5982273 o mail: giovannicepollina@tin.it.<\/p>\n","protected":false},"excerpt":{"rendered":"<p>Loano. Il Coordinamento loanese del Pdl ha presentato il calendario di una serie di incontri che si svolgeranno nei prossimi giorni con tutti i candidati del Popolo della Libert\u00e0 che corrono per il seggio di consigliere regionale alle prossime elezioni. &#8220;Da sempre crediamo che in democrazia debbano essere eletti coloro che dimostrino di meritarsi la [&hellip;]<\/p>\n","protected":false},"author":13744,"featured_media":0,"comment_status":"open","ping_status":"closed","sticky":false,"template":"","format":"standard","meta":{"footnotes":""},"categories":[31],"tags":[2809,3793,487,85827,2328,216,2486,6240,9061,19254],"class_list":["post-84585","post","type-post","status-publish","format-standard","hentry","category-politica","tag-angelo-barbero","tag-filippo-marino","tag-incontri","tag-loano","tag-marco-melgrati","tag-pdl","tag-pietro-balestra","tag-popolo-della-liberta","tag-roberta-gasco","tag-rosavio-bellasio","post_cat_citta-loano"],"amp_validity":null,"amp_enabled":true,"_links":{"self":[{"href":"https:\/\/staging.ivg.it\/ediapi\/wp\/v2\/posts\/84585","targetHints":{"allow":["GET"]}}],"collection":[{"href":"https:\/\/staging.ivg.it\/ediapi\/wp\/v2\/posts"}],"about":[{"href":"https:\/\/staging.ivg.it\/ediapi\/wp\/v2\/types\/post"}],"author":[{"embeddable":true,"href":"https:\/\/staging.ivg.it\/ediapi\/wp\/v2\/users\/13744"}],"replies":[{"embeddable":true,"href":"https:\/\/staging.ivg.it\/ediapi\/wp\/v2\/comments?post=84585"}],"version-history":[{"count":0,"href":"https:\/\/staging.ivg.it\/ediapi\/wp\/v2\/posts\/84585\/revisions"}],"wp:attachment":[{"href":"https:\/\/staging.ivg.it\/ediapi\/wp\/v2\/media?parent=84585"}],"wp:term":[{"taxonomy":"category","embeddable":true,"href":"https:\/\/staging.ivg.it\/ediapi\/wp\/v2\/categories?post=84585"},{"taxonomy":"post_tag","embeddable":true,"href":"https:\/\/staging.ivg.it\/ediapi\/wp\/v2\/tags?post=84585"}],"curies":[{"name":"wp","href":"https:\/\/api.w.org\/{rel}","templated":true}]}}