{"id":84354,"date":"2010-03-04T14:43:25","date_gmt":"2010-03-04T13:43:25","guid":{"rendered":"http:\/\/www.ivg.it\/2010\/03\/04\/weekend-di-colori-e-sapori-a-pietra-ligure\/"},"modified":"2010-03-04T15:22:28","modified_gmt":"2010-03-04T14:22:28","slug":"weekend-di-colori-e-sapori-a-pietra-ligure","status":"publish","type":"post","link":"https:\/\/staging.ivg.it\/2010\/03\/weekend-di-colori-e-sapori-a-pietra-ligure\/","title":{"rendered":"Weekend di &#8220;colori&#8221; e &#8220;sapori&#8221; a Pietra Ligure"},"content":{"rendered":"<p><strong>Pietra L.<\/strong> Un\u2019occasione per riscoprire le tradizioni gastronomiche delle diverse regioni d\u2019Italia \u00e8 la mostra mercato &#8220;Colori e sapori a Pietra Ligure&#8221; che si svolger\u00e0 sabato 6 e domenica 7 marzo.<\/p>\n<p>Dopo il successo della scorsa edizione svoltasi in concomitanza con il Carnevale dei bambini si rinnova l\u2019appuntamento con i prodotti tipici regionali, comprendendo la degustazione di prodotti particolari di nicchia non presenti nella normale rete commerciale, con speciali offerte di acquisto.<\/p>\n<p>I sapori commercializzati sono di alta qualit\u00e0 e di produzione estremamente limitata e artigianale, in particolare i marchi ne certificano la provenienza da zone caratteristiche, garantendo di acquistare prodotti non presenti nella grande distribuzione.<\/p>\n<p>I banchi dei sapori, con circa 20 espositori, sono contraddistinti da prodotti di eccellenza provenienti dalle regioni italiane; i visitatori saranno certamente incuriositi ed ammaliati dai profumi dei banchi che propongono tutti i pi\u00f9 sfiziosi prodotti della tradizione gastronomica italiana dall\u2019Umbria alla Sicilia, il Trentino, la Calabria, la Puglia, il Piemonte, la Liguria, la Sardegna, la Campania, la Toscana, la Val d\u2019Aosta, la Lombardia e prodotti del Sud Tirolo.<\/p>\n<p>La novit\u00e0 di questa edizione \u00e8 l\u2019esposizione dei produttori agricoli e degli artigiani di Pietra Ligure. L\u2019Assessorato alle Attivit\u00e0 Produttive ha fortemente voluto che anche queste due categorie avessero la loro visibilit\u00e0 durante una manifestazione che ha riscosso molto gradimento. L&#8217;evento si svolger\u00e0 sabato 6 e domenica 7 dalle ore 9 alle ore 20.00 lungo Via Matteotti Zona Ajetta e Piazza Castellino.<\/p>\n","protected":false},"excerpt":{"rendered":"<p>Pietra L. Un\u2019occasione per riscoprire le tradizioni gastronomiche delle diverse regioni d\u2019Italia \u00e8 la mostra mercato &#8220;Colori e sapori a Pietra Ligure&#8221; che si svolger\u00e0 sabato 6 e domenica 7 marzo. Dopo il successo della scorsa edizione svoltasi in concomitanza con il Carnevale dei bambini si rinnova l\u2019appuntamento con i prodotti tipici regionali, comprendendo la [&hellip;]<\/p>\n","protected":false},"author":1385,"featured_media":0,"comment_status":"open","ping_status":"closed","sticky":false,"template":"","format":"standard","meta":{"footnotes":""},"categories":[34],"tags":[335,6003,571,569,369,393,6110,669,5526,85830,3232,3231],"class_list":["post-84354","post","type-post","status-publish","format-standard","hentry","category-cronaca","tag-bambini","tag-degustazione","tag-domenica","tag-eccellenza","tag-festa","tag-liguria","tag-lombardi","tag-manifestazione","tag-offerte","tag-pietra-ligure","tag-sardegna","tag-toscana","post_cat_citta-andora","post_cat_citta-savona"],"amp_validity":null,"amp_enabled":true,"_links":{"self":[{"href":"https:\/\/staging.ivg.it\/ediapi\/wp\/v2\/posts\/84354","targetHints":{"allow":["GET"]}}],"collection":[{"href":"https:\/\/staging.ivg.it\/ediapi\/wp\/v2\/posts"}],"about":[{"href":"https:\/\/staging.ivg.it\/ediapi\/wp\/v2\/types\/post"}],"author":[{"embeddable":true,"href":"https:\/\/staging.ivg.it\/ediapi\/wp\/v2\/users\/1385"}],"replies":[{"embeddable":true,"href":"https:\/\/staging.ivg.it\/ediapi\/wp\/v2\/comments?post=84354"}],"version-history":[{"count":0,"href":"https:\/\/staging.ivg.it\/ediapi\/wp\/v2\/posts\/84354\/revisions"}],"wp:attachment":[{"href":"https:\/\/staging.ivg.it\/ediapi\/wp\/v2\/media?parent=84354"}],"wp:term":[{"taxonomy":"category","embeddable":true,"href":"https:\/\/staging.ivg.it\/ediapi\/wp\/v2\/categories?post=84354"},{"taxonomy":"post_tag","embeddable":true,"href":"https:\/\/staging.ivg.it\/ediapi\/wp\/v2\/tags?post=84354"}],"curies":[{"name":"wp","href":"https:\/\/api.w.org\/{rel}","templated":true}]}}